{"id":1327,"date":"2021-01-09T20:16:29","date_gmt":"2021-01-09T20:16:29","guid":{"rendered":""},"modified":"-0001-11-30T00:00:00","modified_gmt":"-0001-11-29T22:00:00","slug":"","status":"publish","type":"post","link":"http:\/\/www.chapelle-crecy.com\/?p=1327","title":{"rendered":"Annonces du 11 au 17 janvier 2021"},"content":{"rendered":"<div align=\"justify\">Voici les annonces de la p\u00e9riode du lundi 11 au dimanche 17 janvier 2021 pour la paroisse des 3 clochers Cr\u00e9cy-la-Chapelle, Villiers-sur-Morin, Voulangis. <\/p>\n<p>Samedi 16 janvier \u00e0\u00a0 16 h30, Messe \u00e0\u00a0 Villiers.<br \/>\nDimanche 17 janvier \u00e0\u00a0 9 h 45, Messe \u00e0\u00a0 Cr\u00e9cy.\n<\/div>\n<div align=\"center\">\n<table bgcolor =\"F0FFF6\" border=0>\n<tbody>\n<tr>\n<td width=400><font color=\"00CC00\"><\/p>\n<div align=\"center\">\n<b>Mardi 12 janvier<\/b><br \/>\n18 h &#8211; Messe \u00e0 Cr\u00e9cy.<\/p>\n<p><b>Jeudi 14 janvier<\/b><br \/>\n9 h &#8211; Messe \u00e0 Cr\u00e9cy.<br \/>\n10 h 30 &#8211; A Villiers, obs\u00e8ques de Robert BONNEAU.<\/p>\n<p><b>Samedi 16 janvier<\/b><\/br><br \/>\n16 h 30 (attention: horaire modifi\u00e9 \u00e0 cause du couvre-feu)<br \/> &#8211; Messe \u00e0 Villiers pour Micheline MOREL.<\/p>\n<p><b>Dimanche 17 janvier<\/b><br \/>\n<i>Saint Antoine<\/i><br \/>\n9 h 45 &#8211; Messe \u00e0 Cr\u00e9cy pour Bernard VALLET.<\/p>\n<p>Ce samedi 16 et dimanche 17 janvier :  QUETE SPECIALE POUR LES SEMINARISTES.\n<\/p><\/div>\n<p><\/font><\/td>\n<td><font color=\"0E0C40\"><\/p>\n<div align=\"center\"><img decoding=\"async\" src=\"\/IMG\/personnes\/antoine.jpg\" width=150><br \/><i>Saint Antoine<\/i><\/div>\n<p><\/font><\/td>\n<\/tr>\n<\/tbody>\n<\/table>\n<\/div>\n","protected":false},"excerpt":{"rendered":"<p>Voici les annonces de la p\u00e9riode du lundi 11 au dimanche 17 janvier 2021 pour la paroisse des 3 clochers Cr\u00e9cy-la-Chapelle, Villiers-sur-Morin, Voulangis. Samedi 16 janvier \u00e0\u00a0 16 h30, Messe \u00e0\u00a0 Villiers. Dimanche 17&#46;&#46;&#46;<\/p>\n","protected":false},"author":2,"featured_media":0,"comment_status":"open","ping_status":"open","sticky":false,"template":"","format":"standard","meta":{"footnotes":""},"categories":[],"tags":[],"class_list":["post-1327","post","type-post","status-publish","format-standard","hentry"],"_links":{"self":[{"href":"http:\/\/www.chapelle-crecy.com\/index.php?rest_route=\/wp\/v2\/posts\/1327","targetHints":{"allow":["GET"]}}],"collection":[{"href":"http:\/\/www.chapelle-crecy.com\/index.php?rest_route=\/wp\/v2\/posts"}],"about":[{"href":"http:\/\/www.chapelle-crecy.com\/index.php?rest_route=\/wp\/v2\/types\/post"}],"author":[{"embeddable":true,"href":"http:\/\/www.chapelle-crecy.com\/index.php?rest_route=\/wp\/v2\/users\/2"}],"replies":[{"embeddable":true,"href":"http:\/\/www.chapelle-crecy.com\/index.php?rest_route=%2Fwp%2Fv2%2Fcomments&post=1327"}],"version-history":[{"count":0,"href":"http:\/\/www.chapelle-crecy.com\/index.php?rest_route=\/wp\/v2\/posts\/1327\/revisions"}],"wp:attachment":[{"href":"http:\/\/www.chapelle-crecy.com\/index.php?rest_route=%2Fwp%2Fv2%2Fmedia&parent=1327"}],"wp:term":[{"taxonomy":"category","embeddable":true,"href":"http:\/\/www.chapelle-crecy.com\/index.php?rest_route=%2Fwp%2Fv2%2Fcategories&post=1327"},{"taxonomy":"post_tag","embeddable":true,"href":"http:\/\/www.chapelle-crecy.com\/index.php?rest_route=%2Fwp%2Fv2%2Ftags&post=1327"}],"curies":[{"name":"wp","href":"https:\/\/api.w.org\/{rel}","templated":true}]}}