{"id":1328,"date":"2021-01-16T09:23:26","date_gmt":"2021-01-16T09:23:26","guid":{"rendered":""},"modified":"-0001-11-30T00:00:00","modified_gmt":"-0001-11-29T22:00:00","slug":"","status":"publish","type":"post","link":"http:\/\/www.chapelle-crecy.com\/?p=1328","title":{"rendered":"Annonces du 16 au 24 janvier 2021"},"content":{"rendered":"<div align=\"justify\">Voici les annonces de la p\u00e9riode du samedi 16 au dimanche 24 janvier 2021 pour la paroisse des 3 clochers Cr\u00e9cy-la-Chapelle, Villiers-sur-Morin, Voulangis. <\/p>\n<p>Samedi 16 janvier \u00e0\u00a0 16 h30, Messe \u00e0\u00a0 Villiers.<br \/>\nDimanche 17 janvier \u00e0\u00a0 9 h 45, Messe \u00e0\u00a0 Cr\u00e9cy.<br \/>\nSamedi 23 janvier \u00e0\u00a0 16 h30, Messe \u00e0\u00a0 Voulangis.<br \/>\nDimanche 24 janvier \u00e0\u00a0 9 h 45, Messe \u00e0\u00a0 Cr\u00e9cy.\n<\/div>\n<div align=\"center\">\n<table bgcolor =\"F0FFF6\" border=0>\n<tbody>\n<tr>\n<td width=400><font color=\"00CC00\"><\/p>\n<div align=\"center\">\n<b>Samedi 16 janvier<\/b><\/br><br \/>\n16 h 30 (attention: horaire modifi\u00e9 \u00e0 cause du couvre-feu)<br \/> &#8211; Messe \u00e0 Villiers pour Micheline MOREL.<\/p>\n<p><b>Dimanche 17 janvier<\/b><br \/>\n<i>Saint Antoine<\/i><br \/>\n9 h 45 &#8211; Messe \u00e0 Cr\u00e9cy pour Bernard VALLET.<br \/>\n<br \/>\nCe samedi 16 et dimanche 17 janvier : QUETE SPECIALE POUR LES SEMINARISTES.<\/p>\n<p><b>Lundi 18 janvier<\/b><br \/>\n10 h 30 &#8211; Obs\u00e8ques \u00e0 Voulangis de Jean-Fran\u00e7ois RAYE.<\/p>\n<p><b>Mardi 19 janvier<\/b><br \/>\n10 h 30 &#8211; \u00e0 Cr\u00e9cy, obs\u00e8ques de Daniel PELLISSIER.<\/td>\n<td><font color=\"00CC00\"><\/p>\n<div align=\"center\"><img decoding=\"async\" src=\"\/IMG\/personnes\/antoine.jpg\" width=150><br \/><i>Saint Antoine<\/i><\/div>\n<p><\/font><\/td>\n<\/tr>\n<\/tbody>\n<\/table>\n<\/div>\n<div align=\"center\">\n<table bgcolor =\"FFF0F0\" border=0>\n<tbody>\n<tr>\n<td><font color=\"0E0C40\"><\/p>\n<div align=\"center\"><img decoding=\"async\" src=\"\/IMG\/personnes\/vincent_sar.jpg\" width=150><br \/><i>Saint Vincent<\/i><\/div>\n<p><\/font><\/td>\n<td width=400><font color=\"0E0C40\"><\/p>\n<div align=\"center\">\n<b>Mercredi 20 janvier<\/b><br \/>\n15 h &#8211; \u00e0 Villiers, obs\u00e8ques de Jean FAURE.<\/p>\n<p><b>Jeudi 21 janvier<\/b><br \/>\n9 h &#8211; Messe \u00e0 Cr\u00e9cy pour Parfait CHOGOLOU.<\/p>\n<p> <b>Vendredi 22 janvier<\/b><br \/>\n<i>Saint Vincent<\/i><br \/>\n10 h 30 &#8211; \u00e0 Cr\u00e9cy, obs\u00e8ques de Claudie FERET.<\/p>\n<p><b>Samedi 23 janvier<\/b><\/br><br \/>\n16 h 30 &#8211; Messe \u00e0 Voulangis pour Georges et Anne-Marie PAQUET.<\/p>\n<p><b>Dimanche 24 janvier<\/b><br \/>\n9 h 45 &#8211; Messe \u00e0 Cr\u00e9cy pour J.F. RAYE, D. PELISSIER, J. FAURE et C. FERET  inhum\u00e9s cette semaine.\n<\/div>\n<p><\/font><\/td>\n<\/tr>\n<\/tbody>\n<\/table>\n<\/div>\n","protected":false},"excerpt":{"rendered":"<p>Voici les annonces de la p\u00e9riode du samedi 16 au dimanche 24 janvier 2021 pour la paroisse des 3 clochers Cr\u00e9cy-la-Chapelle, Villiers-sur-Morin, Voulangis. Samedi 16 janvier \u00e0\u00a0 16 h30, Messe \u00e0\u00a0 Villiers. Dimanche 17&#46;&#46;&#46;<\/p>\n","protected":false},"author":2,"featured_media":0,"comment_status":"open","ping_status":"open","sticky":false,"template":"","format":"standard","meta":{"footnotes":""},"categories":[],"tags":[],"class_list":["post-1328","post","type-post","status-publish","format-standard","hentry"],"_links":{"self":[{"href":"http:\/\/www.chapelle-crecy.com\/index.php?rest_route=\/wp\/v2\/posts\/1328","targetHints":{"allow":["GET"]}}],"collection":[{"href":"http:\/\/www.chapelle-crecy.com\/index.php?rest_route=\/wp\/v2\/posts"}],"about":[{"href":"http:\/\/www.chapelle-crecy.com\/index.php?rest_route=\/wp\/v2\/types\/post"}],"author":[{"embeddable":true,"href":"http:\/\/www.chapelle-crecy.com\/index.php?rest_route=\/wp\/v2\/users\/2"}],"replies":[{"embeddable":true,"href":"http:\/\/www.chapelle-crecy.com\/index.php?rest_route=%2Fwp%2Fv2%2Fcomments&post=1328"}],"version-history":[{"count":0,"href":"http:\/\/www.chapelle-crecy.com\/index.php?rest_route=\/wp\/v2\/posts\/1328\/revisions"}],"wp:attachment":[{"href":"http:\/\/www.chapelle-crecy.com\/index.php?rest_route=%2Fwp%2Fv2%2Fmedia&parent=1328"}],"wp:term":[{"taxonomy":"category","embeddable":true,"href":"http:\/\/www.chapelle-crecy.com\/index.php?rest_route=%2Fwp%2Fv2%2Fcategories&post=1328"},{"taxonomy":"post_tag","embeddable":true,"href":"http:\/\/www.chapelle-crecy.com\/index.php?rest_route=%2Fwp%2Fv2%2Ftags&post=1328"}],"curies":[{"name":"wp","href":"https:\/\/api.w.org\/{rel}","templated":true}]}}