{"id":133,"date":"2009-05-30T21:25:30","date_gmt":"2009-05-30T21:25:30","guid":{"rendered":""},"modified":"-0001-11-30T00:00:00","modified_gmt":"-0001-11-29T22:00:00","slug":"","status":"publish","type":"post","link":"http:\/\/www.chapelle-crecy.com\/?p=133","title":{"rendered":"Annonces de la semaine du 1er au 7 juin 2009"},"content":{"rendered":"<table bgcolor =\"F0FAFF\" border=0>\n<tbody>\n<tr>\n<td>\n<div align=\"justify\">\n<div \"44\">Voici les annonces de la semaine du lundi 1er au dimanche 7 juin 2009  pour la paroisse des 3 clochers Cr\u00e9cy-la-Chapelle, Villiers-sur-Morin, Voulangis.\n<\/div>\n<\/td>\n<\/tr>\n<\/tbody>\n<\/table>\n<table bgcolor =\"F0FAFF\" border=0>\n<tbody>\n<tr>\n<td >\n<table bgcolor =\"F0FAFF\" border=1>\n<tbody>\n<tr>\n<td width=120><font color=\"0020FF\">Lundi 1er juin<\/font><\/td>\n<td><font color=\"0020FF\">17 h &#8211; Messe \u00e0 Cr\u00e9cy pour la famille THION-MUNIER<\/font><\/td>\n<\/tr>\n<tr>\n<td><font color=\"0020FF\">Mercredi 3 juin<\/font><\/td>\n<td><font color=\"0020FF\">17 h &#8211;  Messe \u00e0 Cr\u00e9cy pour Jacqueline BOITEUX<\/font><\/td>\n<\/tr>\n<tr>\n<td><font color=\"0020FF\">Vendredi 5 juin<\/font><\/td>\n<td><font color=\"0020FF\">17 h &#8211; Messe \u00e0 Cr\u00e9cy pour Vincent LAVAL.<\/font><\/td>\n<\/tr>\n<tr>\n<td><font color=\"0020FF\">Samedi 6 juin<\/font><\/td>\n<td><font color=\"0020FF\">de 13 h 45 \u00e0 15 h 15 &#8211; R\u00e9union de l&rsquo;\u00e9quipe MEJ \u00e0 la salle paroissiale.<br \/>15 h 30 &#8211; Mariage \u00e0 Cr\u00e9cy de Fr\u00e9d\u00e9ric BITOLINI et de Caroline RANSON<br \/>16 h 30 &#8211; Messe d&rsquo;action de gr\u00e2ces pour les 50 ans de mariage de Jacques et Colette POIRET.<br \/>18 h 30 &#8211; Messe \u00e0 Villiers pour Eve WILLIAM.<br \/>\n20 h 30- A l&rsquo;\u00e9glise N.D. de Toute-Joie \u00e0 Coulommiers, veill\u00e9e de pri\u00e8re organis\u00e9e par le groupe EPHATA.<br \/><\/font><\/td>\n<\/tr>\n<tr>\n<td><font color=\"0020FF\">Dimanche 7 juin<\/font><\/td>\n<td><font color=\"0020FF\">10 h 30 &#8211;  messe \u00e0 Cr\u00e9cy pour Rina CARPANEDO.<\/font><\/td>\n<\/tr>\n<\/tbody>\n<\/table>\n<p><font color=\"00C000\"><br \/>\nToute l&rsquo;\u00e9quipe du site www.chapelle-crecy.com s&rsquo;associe \u00e0 la joie de Jacques et Colette pour leurs 50 ans de mariage.<br \/>\n<\/font>\n<\/td>\n<\/tr>\n<\/tbody>\n<\/table>\n","protected":false},"excerpt":{"rendered":"<p>Voici les annonces de la semaine du lundi 1er au dimanche 7 juin 2009 pour la paroisse des 3 clochers Cr\u00e9cy-la-Chapelle, Villiers-sur-Morin, Voulangis. Lundi 1er juin 17 h &#8211; Messe \u00e0 Cr\u00e9cy pour la&#46;&#46;&#46;<\/p>\n","protected":false},"author":2,"featured_media":0,"comment_status":"open","ping_status":"open","sticky":false,"template":"","format":"standard","meta":{"footnotes":""},"categories":[],"tags":[],"class_list":["post-133","post","type-post","status-publish","format-standard","hentry"],"_links":{"self":[{"href":"http:\/\/www.chapelle-crecy.com\/index.php?rest_route=\/wp\/v2\/posts\/133","targetHints":{"allow":["GET"]}}],"collection":[{"href":"http:\/\/www.chapelle-crecy.com\/index.php?rest_route=\/wp\/v2\/posts"}],"about":[{"href":"http:\/\/www.chapelle-crecy.com\/index.php?rest_route=\/wp\/v2\/types\/post"}],"author":[{"embeddable":true,"href":"http:\/\/www.chapelle-crecy.com\/index.php?rest_route=\/wp\/v2\/users\/2"}],"replies":[{"embeddable":true,"href":"http:\/\/www.chapelle-crecy.com\/index.php?rest_route=%2Fwp%2Fv2%2Fcomments&post=133"}],"version-history":[{"count":0,"href":"http:\/\/www.chapelle-crecy.com\/index.php?rest_route=\/wp\/v2\/posts\/133\/revisions"}],"wp:attachment":[{"href":"http:\/\/www.chapelle-crecy.com\/index.php?rest_route=%2Fwp%2Fv2%2Fmedia&parent=133"}],"wp:term":[{"taxonomy":"category","embeddable":true,"href":"http:\/\/www.chapelle-crecy.com\/index.php?rest_route=%2Fwp%2Fv2%2Fcategories&post=133"},{"taxonomy":"post_tag","embeddable":true,"href":"http:\/\/www.chapelle-crecy.com\/index.php?rest_route=%2Fwp%2Fv2%2Ftags&post=133"}],"curies":[{"name":"wp","href":"https:\/\/api.w.org\/{rel}","templated":true}]}}