{"id":1330,"date":"2021-02-21T15:00:00","date_gmt":"2021-02-21T15:00:00","guid":{"rendered":""},"modified":"-0001-11-30T00:00:00","modified_gmt":"-0001-11-29T22:00:00","slug":"","status":"publish","type":"post","link":"http:\/\/www.chapelle-crecy.com\/?p=1330","title":{"rendered":"Une marche en famille  le 11 avril 2021 (1)"},"content":{"rendered":"<div align=\"justify\">\n<div align=\"center\">Vous en r\u00eaviez,<\/div>\n<div align=\"center\"> Mgr Nahmias l&rsquo;a souhait\u00e9,<\/div>\n<div align=\"center\"> le service dioc\u00e9sain de la cat\u00e9ch\u00e8se l&rsquo;a r\u00e9alis\u00e9 !<\/div>\n<p>Chers amis,<\/p>\n<p>vous \u00e9prouvez de la solitude, \u00e0\u00a0 cause de la coupure du lien social li\u00e9e au confinement et couvre-feu instaur\u00e9 par le gouvernement &#8230;<\/p>\n<p>(1) En pi\u00e8ce jointe, retrouvez la lettre d&rsquo;invitation \u00e0\u00a0 cette marche de notre \u00e9v\u00eaque<br \/>\n(2) R\u00e9servez cette date !\n<\/p><\/div>\n<div align=\"justify\">\nChers amis,<\/p>\n<p>&#8230; \u00e0 cause de la pand\u00e9mie du coronavirus ? Vous aimez marcher ? <br \/>\nAlors cette \u00ab\u00a0Marche en Famille\u00a0\u00bb d\u00e9sir\u00e9e par notre \u00e9v\u00eaque, est faite pour vous. A l&rsquo;occasion de cette ann\u00e9e \u00ab\u00a0Famille et jeunesse\u00a0\u00bb (voir la derni\u00e8re lettre pastorale) et en lien avec l&rsquo;encyclique \u00ab\u00a0Laudato si\u00a0\u00bb du pape Fran\u00e7ois, aura lieu:<br \/>\n<\/p>\n<div align=\"center\">dans le vicariat Nord (P\u00f4les missionnaires de Meaux-La Fert\u00e9-Dammartin)<\/div>\n<p><\/p>\n<div align=\"center\"> LA MARCHE EN FAMILLE<\/div>\n<p><\/p>\n<div align=\"center\">le dimanche 11 avril 2021 de 9h30 \u00e0 17h, (premier dimanche apr\u00e8s P\u00e2ques).<\/div>\n<p>\nVous trouverez les informations pratiques de la journ\u00e9e sur le feuillet A5 ci-joint. N&rsquo;h\u00e9sitez pas \u00e0 t\u00e9l\u00e9phoner aux contacts (Jean-Jacques ou Jo\u00ebl) pour avoir plus d&rsquo;informations si n\u00e9cessaire. Parlez-en autour de vous. Notre \u00e9v\u00eaque, Mgr Jean-Yves Nahmias sera pr\u00e9sent \u00e0 cette marche pour notre plus grand bonheur !<br \/>\nVenez nombreux passer un dimanche de printemps unique &#8230; sur les bords de Marne et le long du sentier de la Dhuys!!!<\/p>\n<div align=\"center\"><img decoding=\"async\" src=\"\/IMG\/jpg\/marche-2.jpg\" width=500><\/div>\n<p><\/div>\n<p>\nNombreuses surprises! Convivialit\u00e9 assur\u00e9e!  De beaux paysages de notre ch\u00e8re Seine-et-Marne \u00e0 (re)-d\u00e9couvrir !.\n<\/div>\n","protected":false},"excerpt":{"rendered":"<p>Vous en r\u00eaviez, Mgr Nahmias l&rsquo;a souhait\u00e9, le service dioc\u00e9sain de la cat\u00e9ch\u00e8se l&rsquo;a r\u00e9alis\u00e9 ! Chers amis, vous \u00e9prouvez de la solitude, \u00e0\u00a0 cause de la coupure du lien social li\u00e9e au confinement&#46;&#46;&#46;<\/p>\n","protected":false},"author":2,"featured_media":0,"comment_status":"open","ping_status":"open","sticky":false,"template":"","format":"standard","meta":{"footnotes":""},"categories":[],"tags":[],"class_list":["post-1330","post","type-post","status-publish","format-standard","hentry"],"_links":{"self":[{"href":"http:\/\/www.chapelle-crecy.com\/index.php?rest_route=\/wp\/v2\/posts\/1330","targetHints":{"allow":["GET"]}}],"collection":[{"href":"http:\/\/www.chapelle-crecy.com\/index.php?rest_route=\/wp\/v2\/posts"}],"about":[{"href":"http:\/\/www.chapelle-crecy.com\/index.php?rest_route=\/wp\/v2\/types\/post"}],"author":[{"embeddable":true,"href":"http:\/\/www.chapelle-crecy.com\/index.php?rest_route=\/wp\/v2\/users\/2"}],"replies":[{"embeddable":true,"href":"http:\/\/www.chapelle-crecy.com\/index.php?rest_route=%2Fwp%2Fv2%2Fcomments&post=1330"}],"version-history":[{"count":0,"href":"http:\/\/www.chapelle-crecy.com\/index.php?rest_route=\/wp\/v2\/posts\/1330\/revisions"}],"wp:attachment":[{"href":"http:\/\/www.chapelle-crecy.com\/index.php?rest_route=%2Fwp%2Fv2%2Fmedia&parent=1330"}],"wp:term":[{"taxonomy":"category","embeddable":true,"href":"http:\/\/www.chapelle-crecy.com\/index.php?rest_route=%2Fwp%2Fv2%2Fcategories&post=1330"},{"taxonomy":"post_tag","embeddable":true,"href":"http:\/\/www.chapelle-crecy.com\/index.php?rest_route=%2Fwp%2Fv2%2Ftags&post=1330"}],"curies":[{"name":"wp","href":"https:\/\/api.w.org\/{rel}","templated":true}]}}