{"id":1331,"date":"2021-02-06T14:12:51","date_gmt":"2021-02-06T14:12:51","guid":{"rendered":""},"modified":"-0001-11-30T00:00:00","modified_gmt":"-0001-11-29T22:00:00","slug":"","status":"publish","type":"post","link":"http:\/\/www.chapelle-crecy.com\/?p=1331","title":{"rendered":"Annonces du 8 au 21 f\u00e9vrier 2021"},"content":{"rendered":"<div align=\"justify\">Voici les annonces de la p\u00e9riode du lundi 8 au dimanche 21 f\u00e9vrier 2021 pour la paroisse des 3 clochers Cr\u00e9cy-la-Chapelle, Villiers-sur-Morin, Voulangis. <\/p>\n<p>Samedi 13 f\u00e9vrier \u00e0\u00a0 16 h30, Messe \u00e0\u00a0 Voulangis.<br \/>\nDimanche 14 f\u00e9vrier \u00e0\u00a0 9 h 45, Messe \u00e0\u00a0 Cr\u00e9cy.<br \/>\nSamedi 20 f\u00e9vrier \u00e0\u00a0 16 h30, Messe \u00e0\u00a0 Villiers.<br \/>\nDimanche 21 f\u00e9vrier \u00e0\u00a0 9 h 45, Messe \u00e0\u00a0 Cr\u00e9cy.<\/div>\n<div align=\"center\">\n<table bgcolor =\"FFF6F0\" border=0>\n<tbody>\n<tr>\n<td width=400><font color=\"00A0A0\"><\/p>\n<div align=\"center\">\n<b>Jeudi 11 f\u00e9vrier<\/b><br \/>\n<i> Notre-Dame de Lourdes<\/i><br \/>\n9 h &#8211; Messe \u00e0 Cr\u00e9cy pour les malades.<\/p>\n<p> <b>Samedi 13 f\u00e9vrier<\/b><\/br><br \/>\n16 h 30 &#8211; Messe \u00e0 Voulangis pour Georges et Anne-Marie PAQUET.<\/p>\n<p><b>Dimanche 14 f\u00e9vrier<\/b><br \/>\n9 h 45 &#8211; Messe \u00e0 Cr\u00e9cy.<\/p>\n<p>ce samedi et dimanche : QUETE SPECIALE pour l&rsquo;ENTRETIEN DES EGLISES ET DES PRESBYTERES DU DIOCESE. <\/p>\n<p><b>Mercredi 17 f\u00e9vrier<\/b><br \/>\n<i>Saint Alexis<\/i><br \/>\n16 h 30 &#8211;  Messe des Cendres \u00e0 Cr\u00e9cy.<\/p>\n<p><b>Jeudi 18 f\u00e9vrier<\/b><br \/>\n 9 h &#8211; Messe \u00e0 Cr\u00e9cy.<\/p>\n<p> <b>Samedi 20 f\u00e9vrier<\/b><\/br><br \/>\n16 h 30 &#8211; Messe \u00e0 Villiers pour Francis DUBOIS.<\/p>\n<p><b>Dimanche 21 f\u00e9vrier<\/b><br \/>\n<i>1er dimanche de Car\u00eame<\/i><br \/>\n9 h 45 &#8211; Messe \u00e0 Cr\u00e9cy pour Jacques DE PENA<\/p>\n<\/div>\n<p><\/font><\/td>\n<td><font color=\"00A0A0\"><\/p>\n<div align=\"center\"><img decoding=\"async\" src=\"\/IMG\/personnes\/alexis.gif\" width=150><br \/><i>Saint Alexis<\/i><\/div>\n<p><\/font><\/td>\n<\/tr>\n<\/tbody>\n<\/table>\n<\/div>\n","protected":false},"excerpt":{"rendered":"<p>Voici les annonces de la p\u00e9riode du lundi 8 au dimanche 21 f\u00e9vrier 2021 pour la paroisse des 3 clochers Cr\u00e9cy-la-Chapelle, Villiers-sur-Morin, Voulangis. Samedi 13 f\u00e9vrier \u00e0\u00a0 16 h30, Messe \u00e0\u00a0 Voulangis. Dimanche 14&#46;&#46;&#46;<\/p>\n","protected":false},"author":2,"featured_media":0,"comment_status":"open","ping_status":"open","sticky":false,"template":"","format":"standard","meta":{"footnotes":""},"categories":[],"tags":[],"class_list":["post-1331","post","type-post","status-publish","format-standard","hentry"],"_links":{"self":[{"href":"http:\/\/www.chapelle-crecy.com\/index.php?rest_route=\/wp\/v2\/posts\/1331","targetHints":{"allow":["GET"]}}],"collection":[{"href":"http:\/\/www.chapelle-crecy.com\/index.php?rest_route=\/wp\/v2\/posts"}],"about":[{"href":"http:\/\/www.chapelle-crecy.com\/index.php?rest_route=\/wp\/v2\/types\/post"}],"author":[{"embeddable":true,"href":"http:\/\/www.chapelle-crecy.com\/index.php?rest_route=\/wp\/v2\/users\/2"}],"replies":[{"embeddable":true,"href":"http:\/\/www.chapelle-crecy.com\/index.php?rest_route=%2Fwp%2Fv2%2Fcomments&post=1331"}],"version-history":[{"count":0,"href":"http:\/\/www.chapelle-crecy.com\/index.php?rest_route=\/wp\/v2\/posts\/1331\/revisions"}],"wp:attachment":[{"href":"http:\/\/www.chapelle-crecy.com\/index.php?rest_route=%2Fwp%2Fv2%2Fmedia&parent=1331"}],"wp:term":[{"taxonomy":"category","embeddable":true,"href":"http:\/\/www.chapelle-crecy.com\/index.php?rest_route=%2Fwp%2Fv2%2Fcategories&post=1331"},{"taxonomy":"post_tag","embeddable":true,"href":"http:\/\/www.chapelle-crecy.com\/index.php?rest_route=%2Fwp%2Fv2%2Ftags&post=1331"}],"curies":[{"name":"wp","href":"https:\/\/api.w.org\/{rel}","templated":true}]}}