{"id":1333,"date":"2021-03-05T14:15:45","date_gmt":"2021-03-05T14:15:45","guid":{"rendered":""},"modified":"-0001-11-30T00:00:00","modified_gmt":"-0001-11-29T22:00:00","slug":"","status":"publish","type":"post","link":"http:\/\/www.chapelle-crecy.com\/?p=1333","title":{"rendered":"Annonces du 6 au 14 mars 2021"},"content":{"rendered":"<div align=\"justify\">Voici les annonces de la p\u00e9riode du samedi 6 au dimanche 14 mars 2021 pour la paroisse des 3 clochers Cr\u00e9cy-la-Chapelle, Villiers-sur-Morin, Voulangis. <\/p>\n<p>Samedi 6 mars \u00e0\u00a0 16 h30, Messe \u00e0\u00a0 Voulangis.<br \/>\nDimanche 7 mars \u00e0\u00a0 9 h 45, Messe \u00e0\u00a0 Cr\u00e9cy.<br \/>\nSamedi 13 mars \u00e0\u00a0 16 h30, Messe \u00e0\u00a0 Voulangis.<br \/>\nDimanche 14 mars \u00e0\u00a0 9 h 45, Messe \u00e0\u00a0 Cr\u00e9cy.<\/p>\n<p><b>NOTA : Par arr\u00eat\u00e9 municipal, l&rsquo;\u00e9glise de Villiers est ferm\u00e9e jusqu&rsquo;\u00e0\u00a0 nouvel ordre pour cause de travaux.<\/b><br \/>\n<br \/> Tous les d\u00e9tails dans la suite &#8230;\n<\/div>\n<div align=\"center\">\n<table bgcolor =\"FFF6F0\" border=0>\n<tbody>\n<tr>\n<td width=400><font color=\"00A0A0\"><\/p>\n<div align=\"center\">\n<b>Samedi 6 mars<\/b><br \/>\n15 h15 &#8211; \u00e0 Voulangis: Groupe de Pri\u00e8re<br \/>\n16 h 30 &#8211; \u00e0 Voulangis, Messe pour Brigitte GOURBAUD et pour Lucien DELABOUGLISE.<\/p>\n<p><b>Dimanche 7 mars<\/b><br \/>\n<i>3\u00e8me dimanche de Car\u00eame<\/i><br \/>\n9 h 45 &#8211; Messe \u00e0 Cr\u00e9cy pour Lucienne BLAVIER.<\/p>\n<p><b>Jeudi 11 mars<\/b><br \/>\n9 h &#8211; \u00e0 Cr\u00e9cy, Messe anniversaire pour Solange LAPORTE.<\/p>\n<p><b>Vendredi 12 mars<\/b><br \/>\n<i>Sainte Justine<\/i><br \/>\n15 h &#8211; Participation au Chemin de Croix.<\/p>\n<p><b>Samedi 13 mars<\/b><br \/>\n16 h 30 &#8211; \u00e0 Voulangis, pour Jean-Luc GAUTHIER.<\/p>\n<p><b>Dimanche 14 mars<\/b><br \/>\n<i>4\u00e8me dimanche de Car\u00eame<\/i><br \/>\nMesse en famille<br \/>\n9 h 45 &#8211; Messe \u00e0 Cr\u00e9cy pour les familles ABATE et PONS.<\/p>\n<p>Ce dimanche, \u00e0 15 h 30 RENCONTRE DE CAREME \u00e0 l&rsquo;EGLISE DE CRECY<\/p>\n<p><b>NOTA : Par arr\u00eat\u00e9 municipal, l&rsquo;\u00e9glise de Villiers est ferm\u00e9e jusqu&rsquo;\u00e0 nouvel ordre pour cause de travaux.<\/b>\n<\/div>\n<p><\/font><\/td>\n<td><font color=\"A0A000\"><\/p>\n<div align=\"center\"><img decoding=\"async\" src=\"\/IMG\/personnes\/justine.jpg\" width=150><br \/><i>Sainte Justine<\/i><\/div>\n<p><\/font><\/td>\n<\/tr>\n<\/tbody>\n<\/table>\n<\/div>\n","protected":false},"excerpt":{"rendered":"<p>Voici les annonces de la p\u00e9riode du samedi 6 au dimanche 14 mars 2021 pour la paroisse des 3 clochers Cr\u00e9cy-la-Chapelle, Villiers-sur-Morin, Voulangis. Samedi 6 mars \u00e0\u00a0 16 h30, Messe \u00e0\u00a0 Voulangis. Dimanche 7&#46;&#46;&#46;<\/p>\n","protected":false},"author":2,"featured_media":0,"comment_status":"open","ping_status":"open","sticky":false,"template":"","format":"standard","meta":{"footnotes":""},"categories":[],"tags":[],"class_list":["post-1333","post","type-post","status-publish","format-standard","hentry"],"_links":{"self":[{"href":"http:\/\/www.chapelle-crecy.com\/index.php?rest_route=\/wp\/v2\/posts\/1333","targetHints":{"allow":["GET"]}}],"collection":[{"href":"http:\/\/www.chapelle-crecy.com\/index.php?rest_route=\/wp\/v2\/posts"}],"about":[{"href":"http:\/\/www.chapelle-crecy.com\/index.php?rest_route=\/wp\/v2\/types\/post"}],"author":[{"embeddable":true,"href":"http:\/\/www.chapelle-crecy.com\/index.php?rest_route=\/wp\/v2\/users\/2"}],"replies":[{"embeddable":true,"href":"http:\/\/www.chapelle-crecy.com\/index.php?rest_route=%2Fwp%2Fv2%2Fcomments&post=1333"}],"version-history":[{"count":0,"href":"http:\/\/www.chapelle-crecy.com\/index.php?rest_route=\/wp\/v2\/posts\/1333\/revisions"}],"wp:attachment":[{"href":"http:\/\/www.chapelle-crecy.com\/index.php?rest_route=%2Fwp%2Fv2%2Fmedia&parent=1333"}],"wp:term":[{"taxonomy":"category","embeddable":true,"href":"http:\/\/www.chapelle-crecy.com\/index.php?rest_route=%2Fwp%2Fv2%2Fcategories&post=1333"},{"taxonomy":"post_tag","embeddable":true,"href":"http:\/\/www.chapelle-crecy.com\/index.php?rest_route=%2Fwp%2Fv2%2Ftags&post=1333"}],"curies":[{"name":"wp","href":"https:\/\/api.w.org\/{rel}","templated":true}]}}