{"id":1336,"date":"2021-03-28T15:55:28","date_gmt":"2021-03-28T15:55:28","guid":{"rendered":""},"modified":"-0001-11-30T00:00:00","modified_gmt":"-0001-11-29T22:00:00","slug":"","status":"publish","type":"post","link":"http:\/\/www.chapelle-crecy.com\/?p=1336","title":{"rendered":"D\u00e9c\u00e8s de Bernadette Buisset"},"content":{"rendered":"<table><tblody><\/p>\n<tr>\n<td width=\"60%''>\n<div align=\"justify\">Bernadette Buisset est d\u00e9c\u00e9d\u00e9e dans la paix, le dimanche des Rameaux et sera inhum\u00e9e le matin du Vendredi Saint. ..Y a-t-il plus beau cadeau pour une personne qui a cherch\u00e9 \u00e0\u00a0 suivre toute sa vie les pas de J\u00e9sus et qui s&rsquo;est offerte jusqu&rsquo;\u00e0\u00a0 son dernier souffle?<br \/>\nAu nom de toute la paroisse de Cr\u00e9cy pour laquelle elle a tant donn\u00e9 avec son mari Jean et ses enfants, nous pr\u00e9sentons nos sinc\u00e8res condol\u00e9ances \u00e0\u00a0 sa famille et \u00e0\u00a0 ses proches. Nous rendons tous gr ce \u00e0\u00a0 Dieu de nous avoir donn\u00e9 Bernadette, quelque soit la relation qu&rsquo;elle ait eue avec  chacun d&rsquo;entre nous!!!<br \/>\nSes obs\u00e8ques ont eu lieu ce vendredi 2 avril \u00e0\u00a0 10h \u00e0\u00a0 l&rsquo;\u00e9glise Saint-Georges de Cr\u00e9cy-la-Chapelle. La c\u00e9r\u00e9monie est diffus\u00e9e sur youtube:<\/p>\n<div class=\"video-container\"><iframe loading=\"lazy\" title=\"Fun\u00e9railles de Bernadette Buisset\" width=\"500\" height=\"281\" src=\"https:\/\/www.youtube.com\/embed\/_sxwFgvXWuo?feature=oembed&#038;wmode=opaque\" frameborder=\"0\" allow=\"accelerometer; autoplay; clipboard-write; encrypted-media; gyroscope; picture-in-picture; web-share\" referrerpolicy=\"strict-origin-when-cross-origin\" allowfullscreen><\/iframe><\/div>\n<\/div>\n<\/td>\n<td>\n<div align=\"center\"><img decoding=\"async\" src=\"\/IMG\/jpg\/bernadette-buisset-2.jpg\" width=200><\/div>\n<\/td>\n<\/tr>\n<\/tbody>\n<\/table>\n","protected":false},"excerpt":{"rendered":"","protected":false},"author":2,"featured_media":0,"comment_status":"open","ping_status":"open","sticky":false,"template":"","format":"standard","meta":{"footnotes":""},"categories":[],"tags":[],"class_list":["post-1336","post","type-post","status-publish","format-standard","hentry"],"_links":{"self":[{"href":"http:\/\/www.chapelle-crecy.com\/index.php?rest_route=\/wp\/v2\/posts\/1336","targetHints":{"allow":["GET"]}}],"collection":[{"href":"http:\/\/www.chapelle-crecy.com\/index.php?rest_route=\/wp\/v2\/posts"}],"about":[{"href":"http:\/\/www.chapelle-crecy.com\/index.php?rest_route=\/wp\/v2\/types\/post"}],"author":[{"embeddable":true,"href":"http:\/\/www.chapelle-crecy.com\/index.php?rest_route=\/wp\/v2\/users\/2"}],"replies":[{"embeddable":true,"href":"http:\/\/www.chapelle-crecy.com\/index.php?rest_route=%2Fwp%2Fv2%2Fcomments&post=1336"}],"version-history":[{"count":0,"href":"http:\/\/www.chapelle-crecy.com\/index.php?rest_route=\/wp\/v2\/posts\/1336\/revisions"}],"wp:attachment":[{"href":"http:\/\/www.chapelle-crecy.com\/index.php?rest_route=%2Fwp%2Fv2%2Fmedia&parent=1336"}],"wp:term":[{"taxonomy":"category","embeddable":true,"href":"http:\/\/www.chapelle-crecy.com\/index.php?rest_route=%2Fwp%2Fv2%2Fcategories&post=1336"},{"taxonomy":"post_tag","embeddable":true,"href":"http:\/\/www.chapelle-crecy.com\/index.php?rest_route=%2Fwp%2Fv2%2Ftags&post=1336"}],"curies":[{"name":"wp","href":"https:\/\/api.w.org\/{rel}","templated":true}]}}