{"id":1337,"date":"2021-03-23T17:34:00","date_gmt":"2021-03-23T17:34:00","guid":{"rendered":""},"modified":"-0001-11-30T00:00:00","modified_gmt":"-0001-11-29T22:00:00","slug":"","status":"publish","type":"post","link":"http:\/\/www.chapelle-crecy.com\/?p=1337","title":{"rendered":"Annonces du 29 mars au 11 avril 2021"},"content":{"rendered":"<div align=\"justify\">Voici les annonces de la p\u00e9riode du lundi 29 mars au dimanche 11 avril 2021 pour la paroisse des 3 clochers Cr\u00e9cy-la-Chapelle, Villiers-sur-Morin, Voulangis. <\/p>\n<p>Dimanche 4 avril \u00e0\u00a0 10 h 30, Messe de P\u00e2ques \u00e0\u00a0 Voulangis.<\/p>\n<p>Samedi 10 avril \u00e0\u00a0 17 h 30, Messe \u00e0\u00a0 Voulangis.<\/p>\n<p>Dimanche 11 avril \u00e0\u00a0 10 h 30, Messe \u00e0\u00a0 Cr\u00e9cy.<\/p>\n<p><b>NOTA : Par arr\u00eat\u00e9 municipal, l&rsquo;\u00e9glise de Villiers est ferm\u00e9e jusqu&rsquo;\u00e0\u00a0 nouvel ordre pour cause de travaux.<\/b><br \/>\n<br \/> Tous les d\u00e9tails dans la suite &#8230;\n<\/div>\n<div align=\"center\">\n<table bgcolor =\"F0F6FF\" border=0>\n<tbody>\n<tr>\n<td><font color=\"00A0B0\"><\/p>\n<div align=\"center\"><img decoding=\"async\" src=\"\/IMG\/lieux\/lemas4.jpg\" width=300><\/div>\n<p><\/font><\/td>\n<td width=400><font color=\"00A0B0\"><\/p>\n<div align=\"center\">\n<b>Jeudi 1er avril<\/b><br \/>\n<i>Jeudi Saint<\/i><br \/>\n17 h 30 &#8211; Messe \u00e0 Cr\u00e9cy.<\/p>\n<p><b>Vendredi 2 avril<\/b><br \/>\n<i>Vendredi saint<\/i><br \/>\n10 h &#8211; A Cr\u00e9cy, obs\u00e8ques de Bernadette Buisset.<br \/>\n11 h &#8211; Chemin de croix \u00e0 Voulangis.<br \/>\n17 h 30 &#8211; Office de la passion \u00e0 Cr\u00e9cy.<br \/>\nQu\u00eate pour les lieux saints.<\/p>\n<p><b>Samedi 3 avril<\/b><br \/>\nVeill\u00e9e pascale \u00e0 17h \u00e0 Cr\u00e9cy.<\/p>\n<p><b>Dimanche 4 avril<\/b><br \/>\n<i>Messe de PAQUES<\/i><br \/>\n10 h 30 &#8211; \u00e0 Voulangis, Messe anniversaire pour monsieur PERRIN, \u00e9galement c\u00e9l\u00e9br\u00e9e pour Gaby BEAUMONT.\n<\/div>\n<p><\/font><\/td>\n<\/tr>\n<\/tbody>\n<\/table>\n<table bgcolor =\"FFF6F0\" border=0>\n<tbody>\n<tr>\n<td width=400><font color=\"A0A000\"><\/p>\n<div align=\"center\">\n<b>Mercredi 7 avril<\/b><br \/>\n<i>St Jean-Baptiste de la Salle<\/i><br \/>\nPas de messe en paroisse.<\/p>\n<p><b>Jeudi 8 avril<\/b><br \/>\n9 h &#8211; Messe \u00e0 Cr\u00e9cy.<\/p>\n<p><b>Samedi 10 avril<\/b><br \/>\n16 h 15 &#8211; R\u00e9union du groupe de pri\u00e8re \u00e0 Voulangis.<br \/>\n17 h 30 &#8211; Messe \u00e0 Voulangis pour Andr\u00e9 PANHARD et Pierre BEAUMONT.<\/p>\n<p><b>Dimanche 11 avril<\/b><br \/>\n<i>2\u00e8me dimanche de PAQUES<\/i><br \/>\n10 h 30 &#8211; Messe \u00e0 Cr\u00e9cy &#8211; Nous prierons pour  Th\u00e9r\u00e8se GUENARD, Jean-Jacques ROCHER, et pour Marguerite et Xavi\u00e8re TEGDA, ainsi que pour une malade: M\u00e9lanie  FRANCOIS.\n<\/div>\n<p><\/font><\/td>\n<td><font color=\"A0A000\"><\/p>\n<div align=\"center\"><img decoding=\"async\" src=\"\/IMG\/personnes\/jean-baptiste-de-la-salle.jpg\" width=250><br \/><i>St Jean-Baptiste de la Salle<\/i><\/div>\n<p><\/font><\/td>\n<\/tr>\n<\/tbody>\n<\/table>\n<p><b>NOTA : Par arr\u00eat\u00e9 municipal, l&rsquo;\u00e9glise de Villiers est ferm\u00e9e jusqu&rsquo;\u00e0 nouvel ordre pour cause de travaux.<\/b>\n<\/div>\n","protected":false},"excerpt":{"rendered":"<p>Voici les annonces de la p\u00e9riode du lundi 29 mars au dimanche 11 avril 2021 pour la paroisse des 3 clochers Cr\u00e9cy-la-Chapelle, Villiers-sur-Morin, Voulangis. Dimanche 4 avril \u00e0\u00a0 10 h 30, Messe de P\u00e2ques&#46;&#46;&#46;<\/p>\n","protected":false},"author":2,"featured_media":0,"comment_status":"open","ping_status":"open","sticky":false,"template":"","format":"standard","meta":{"footnotes":""},"categories":[],"tags":[],"class_list":["post-1337","post","type-post","status-publish","format-standard","hentry"],"_links":{"self":[{"href":"http:\/\/www.chapelle-crecy.com\/index.php?rest_route=\/wp\/v2\/posts\/1337","targetHints":{"allow":["GET"]}}],"collection":[{"href":"http:\/\/www.chapelle-crecy.com\/index.php?rest_route=\/wp\/v2\/posts"}],"about":[{"href":"http:\/\/www.chapelle-crecy.com\/index.php?rest_route=\/wp\/v2\/types\/post"}],"author":[{"embeddable":true,"href":"http:\/\/www.chapelle-crecy.com\/index.php?rest_route=\/wp\/v2\/users\/2"}],"replies":[{"embeddable":true,"href":"http:\/\/www.chapelle-crecy.com\/index.php?rest_route=%2Fwp%2Fv2%2Fcomments&post=1337"}],"version-history":[{"count":0,"href":"http:\/\/www.chapelle-crecy.com\/index.php?rest_route=\/wp\/v2\/posts\/1337\/revisions"}],"wp:attachment":[{"href":"http:\/\/www.chapelle-crecy.com\/index.php?rest_route=%2Fwp%2Fv2%2Fmedia&parent=1337"}],"wp:term":[{"taxonomy":"category","embeddable":true,"href":"http:\/\/www.chapelle-crecy.com\/index.php?rest_route=%2Fwp%2Fv2%2Fcategories&post=1337"},{"taxonomy":"post_tag","embeddable":true,"href":"http:\/\/www.chapelle-crecy.com\/index.php?rest_route=%2Fwp%2Fv2%2Ftags&post=1337"}],"curies":[{"name":"wp","href":"https:\/\/api.w.org\/{rel}","templated":true}]}}