{"id":1338,"date":"2021-04-07T17:52:11","date_gmt":"2021-04-07T17:52:11","guid":{"rendered":""},"modified":"-0001-11-30T00:00:00","modified_gmt":"-0001-11-29T22:00:00","slug":"","status":"publish","type":"post","link":"http:\/\/www.chapelle-crecy.com\/?p=1338","title":{"rendered":"Le d\u00e9part de Fran\u00e7oise nous laisse dans le d\u00e9sarroi"},"content":{"rendered":"<table><tblody><\/p>\n<tr>\n<td width=\"60%''>\n<div align=\"justify\">Fran\u00e7oise Vaczlavik nous as quitt\u00e9s subitement, mardi 6 avril, \u00e0\u00a0 l&rsquo;h pital d&rsquo;Aix-en-Provence. Elle, que tout le monde (ou presque) connaissait \u00e0\u00a0 Cr\u00e9cy, tellement son rayonnement et sa gentillesse \u00e9taient grands; par sa disparition, nous sommes tous choqu\u00e9s et dans la peine. Fran\u00e7oise avait laiss\u00e9 tous ses dossiers en cours pour rendre visite \u00e0\u00a0 son petit-fils. Pour une raison inconnue, elle qui \u00e9tait tr\u00e8s stricte avec les gestes barri\u00e8res dans ses activit\u00e9s au Secours Catholique, a \u00e9t\u00e9 atteinte de la Covid 19.<br \/>\nMerci \u00e0\u00a0 elle pour sa g\u00e9n\u00e9rosit\u00e9, son enthousiasme, son dynamisme, son attention a l&rsquo;autre. Elle avait en charge plusieurs activit\u00e9s tr\u00e8s diversifi\u00e9es (Association Amiti\u00e9-Brie-B\u00e9nin, Jumelage de Cr\u00e9cy avec Pielenhofen, Secours Catholique, Petit Choeur du Grand Morin, Association du Patrimoine Cr\u00e9\u00e7ois, jardin associatif, etc.) qu&rsquo;elles menaient avec beaucoup d&rsquo;\u00e9nergie. De nombreuses personnes ont d\u00e9j\u00e0\u00a0 fait part de leur \u00e9motion en apprenant la triste nouvelle de son d\u00e9c\u00e8s. Nos pens\u00e9es et nos pri\u00e8res vont vers elle et tous les membres de sa famille.\n<\/div>\n<\/td>\n<td>\n<div align=\"center\"><img decoding=\"async\" src=\"\/IMG\/jpg\/francoise-2.jpg\" width=250><\/div>\n<\/td>\n<\/tr>\n<\/tbody>\n<\/table>\n","protected":false},"excerpt":{"rendered":"","protected":false},"author":2,"featured_media":0,"comment_status":"open","ping_status":"open","sticky":false,"template":"","format":"standard","meta":{"footnotes":""},"categories":[],"tags":[],"class_list":["post-1338","post","type-post","status-publish","format-standard","hentry"],"_links":{"self":[{"href":"http:\/\/www.chapelle-crecy.com\/index.php?rest_route=\/wp\/v2\/posts\/1338","targetHints":{"allow":["GET"]}}],"collection":[{"href":"http:\/\/www.chapelle-crecy.com\/index.php?rest_route=\/wp\/v2\/posts"}],"about":[{"href":"http:\/\/www.chapelle-crecy.com\/index.php?rest_route=\/wp\/v2\/types\/post"}],"author":[{"embeddable":true,"href":"http:\/\/www.chapelle-crecy.com\/index.php?rest_route=\/wp\/v2\/users\/2"}],"replies":[{"embeddable":true,"href":"http:\/\/www.chapelle-crecy.com\/index.php?rest_route=%2Fwp%2Fv2%2Fcomments&post=1338"}],"version-history":[{"count":0,"href":"http:\/\/www.chapelle-crecy.com\/index.php?rest_route=\/wp\/v2\/posts\/1338\/revisions"}],"wp:attachment":[{"href":"http:\/\/www.chapelle-crecy.com\/index.php?rest_route=%2Fwp%2Fv2%2Fmedia&parent=1338"}],"wp:term":[{"taxonomy":"category","embeddable":true,"href":"http:\/\/www.chapelle-crecy.com\/index.php?rest_route=%2Fwp%2Fv2%2Fcategories&post=1338"},{"taxonomy":"post_tag","embeddable":true,"href":"http:\/\/www.chapelle-crecy.com\/index.php?rest_route=%2Fwp%2Fv2%2Ftags&post=1338"}],"curies":[{"name":"wp","href":"https:\/\/api.w.org\/{rel}","templated":true}]}}