{"id":1339,"date":"2021-04-09T20:05:00","date_gmt":"2021-04-09T20:05:00","guid":{"rendered":""},"modified":"-0001-11-30T00:00:00","modified_gmt":"-0001-11-29T22:00:00","slug":"","status":"publish","type":"post","link":"http:\/\/www.chapelle-crecy.com\/?p=1339","title":{"rendered":"Annonces du 10 au 18 avril 2021"},"content":{"rendered":"<div align=\"justify\">Voici les annonces de la p\u00e9riode du samedi 10 au dimanche 18 avril 2021 pour la paroisse des 3 clochers Cr\u00e9cy-la-Chapelle, Villiers-sur-Morin, Voulangis. <\/p>\n<p>Samedi 10 avril \u00e0\u00a0 17 h 30, Messe \u00e0\u00a0 Voulangis.<\/p>\n<p>Dimanche 11 avril \u00e0\u00a0 10 h 30, Messe \u00e0\u00a0 Cr\u00e9cy.<\/p>\n<p>Samedi 17 avril \u00e0\u00a0 17 h 30, Messe \u00e0\u00a0 Voulangis.<\/p>\n<p>Dimanche 18 avril \u00e0\u00a0 10 h 30, Messe \u00e0\u00a0 Cr\u00e9cy.<\/p>\n<p><b>NOTA : Par arr\u00eat\u00e9 municipal, l&rsquo;\u00e9glise de Villiers est ferm\u00e9e jusqu&rsquo;\u00e0\u00a0 nouvel ordre pour cause de travaux.<\/b><br \/>\n<br \/> Tous les d\u00e9tails dans la suite &#8230;\n<\/div>\n<div align=\"center\">\n<table bgcolor =\"F0F6FF\" border=0>\n<tbody>\n<tr>\n<td width=400><font color=\"00A0B0\"><\/p>\n<div align=\"center\">\n<b>Samedi 10 avril<\/b><br \/>\n16 h 15 &#8211; R\u00e9union du groupe de pri\u00e8re \u00e0 Voulangis.<br \/>\n17 h 30 &#8211; Messe \u00e0 Voulangis pour Andr\u00e9 PANHARD et Pierre BEAUMONT.<\/p>\n<p><b>Dimanche 11 avril<\/b><br \/>\n<i>2\u00e8me dimanche de PAQUES<\/i><br \/>\n10 h 30 &#8211; Messe \u00e0 Cr\u00e9cy &#8211; Nous prierons pour  Th\u00e9r\u00e8se GUENARD, Jean-Jacques ROCHER, et pour Marguerite et Xavi\u00e8re TEGDA, ainsi que pour une malade: M\u00e9lanie  FRANCOIS.<br \/>\n A l&rsquo;issue de la messe, nous prierons le chapelet de la Mis\u00e9ricorde Divine<br \/>\n<br \/>\n<b>Jeudi 15 avril<\/b><br \/>\n<i>St Patern, \u00e9v\u00eaque de Vannes<\/i><br \/>\n9 h &#8211; \u00e0 Cr\u00e9cy,  messe anniversaire pour Marie Annick COURTOIS et Andrea HUGUIN.<br \/>\n15 h &#8211; \u00e0 la Coll\u00e9giale : Obs\u00e8ques de Fran\u00e7oise VACZLAVIK.<\/p>\n<p><b>Samedi 17 avril<\/b><br \/>\n17 h 30 &#8211; Messe \u00e0 Voulangis pour Georges et Anne-Marie PAQUET.<\/p>\n<p><b>Dimanche 18 avril<\/b><br \/>\n10 h 30 &#8211; Messe \u00e0 Cr\u00e9cy pour Christophe, Lea et Aude MOULIN, ainsi que pour Thomas CASTEL.\n<\/div>\n<p><\/font><\/td>\n<td><font color=\"A0A000\"><\/p>\n<div align=\"center\"><img decoding=\"async\" src=\"\/IMG\/personnes\/patern.jpg\" width=250><br \/><i>St Patern, \u00e9v\u00eaque de Vannes<\/i><\/div>\n<p><\/font><\/td>\n<\/tr>\n<\/tbody>\n<\/table>\n<p><b>NOTA : Par arr\u00eat\u00e9 municipal, l&rsquo;\u00e9glise de Villiers est ferm\u00e9e jusqu&rsquo;\u00e0 nouvel ordre pour cause de travaux.<\/b>\n<\/div>\n","protected":false},"excerpt":{"rendered":"<p>Voici les annonces de la p\u00e9riode du samedi 10 au dimanche 18 avril 2021 pour la paroisse des 3 clochers Cr\u00e9cy-la-Chapelle, Villiers-sur-Morin, Voulangis. Samedi 10 avril \u00e0\u00a0 17 h 30, Messe \u00e0\u00a0 Voulangis. Dimanche&#46;&#46;&#46;<\/p>\n","protected":false},"author":2,"featured_media":0,"comment_status":"open","ping_status":"open","sticky":false,"template":"","format":"standard","meta":{"footnotes":""},"categories":[],"tags":[],"class_list":["post-1339","post","type-post","status-publish","format-standard","hentry"],"_links":{"self":[{"href":"http:\/\/www.chapelle-crecy.com\/index.php?rest_route=\/wp\/v2\/posts\/1339","targetHints":{"allow":["GET"]}}],"collection":[{"href":"http:\/\/www.chapelle-crecy.com\/index.php?rest_route=\/wp\/v2\/posts"}],"about":[{"href":"http:\/\/www.chapelle-crecy.com\/index.php?rest_route=\/wp\/v2\/types\/post"}],"author":[{"embeddable":true,"href":"http:\/\/www.chapelle-crecy.com\/index.php?rest_route=\/wp\/v2\/users\/2"}],"replies":[{"embeddable":true,"href":"http:\/\/www.chapelle-crecy.com\/index.php?rest_route=%2Fwp%2Fv2%2Fcomments&post=1339"}],"version-history":[{"count":0,"href":"http:\/\/www.chapelle-crecy.com\/index.php?rest_route=\/wp\/v2\/posts\/1339\/revisions"}],"wp:attachment":[{"href":"http:\/\/www.chapelle-crecy.com\/index.php?rest_route=%2Fwp%2Fv2%2Fmedia&parent=1339"}],"wp:term":[{"taxonomy":"category","embeddable":true,"href":"http:\/\/www.chapelle-crecy.com\/index.php?rest_route=%2Fwp%2Fv2%2Fcategories&post=1339"},{"taxonomy":"post_tag","embeddable":true,"href":"http:\/\/www.chapelle-crecy.com\/index.php?rest_route=%2Fwp%2Fv2%2Ftags&post=1339"}],"curies":[{"name":"wp","href":"https:\/\/api.w.org\/{rel}","templated":true}]}}