{"id":134,"date":"2009-06-08T21:35:39","date_gmt":"2009-06-08T21:35:39","guid":{"rendered":""},"modified":"-0001-11-30T00:00:00","modified_gmt":"-0001-11-29T22:00:00","slug":"","status":"publish","type":"post","link":"http:\/\/www.chapelle-crecy.com\/?p=134","title":{"rendered":"La bio\u00e9thique retour sur la conf\u00e9rence"},"content":{"rendered":"<table bgcolor =\"F0FAFF\" border=0>\n<tbody>\n<tr>\n<td>\n<div align=\"justify\">\n<div \"45\">La recherche sur les embryons, les m\u00e8res porteuses, le b\u00e9b\u00e9 \u00ab\u00a0z\u00e9ro d\u00e9faut\u00a0\u00bb, .. <br \/>Que de questions et de sujets d\u00e9licats qui interpellent les chr\u00e9tiens et sont au coeur des r\u00e9flexions sur la bio\u00e9thique au moment o\u00f9 ce d\u00e9bat devient d&rsquo;actualit\u00e9.  <\/div>\n<\/div>\n<\/td>\n<\/td>\n<\/tbody>\n<\/table>\n<table bgcolor =\"F0FAFF\" border=0>\n<tbody>\n<tr>\n<td>\n<div align=\"justify\"><i>Des conf\u00e9rences sur la bio\u00e9thique ont eu lieu ces derni\u00e8res semaines. Les intervenants \u00e9taient d&rsquo;\u00e9minents repr\u00e9sentants du monde m\u00e9dical et des responsables d&rsquo;organisations chr\u00e9tiennes engag\u00e9es sur ces th\u00e8mes.<br \/>\nNous vous proposons ce compte-rendu r\u00e9alis\u00e9 par une personne qui a assist\u00e9 \u00e0 la derni\u00e8re conf\u00e9rence. <\/i><\/div>\n<p><\/p>\n<div align=\"justify\">La conf\u00e9rence bio\u00e9thique au Palais des Congr\u00e8s a \u00e9t\u00e9 un succ\u00e8s comme dans les autres grandes villes depuis quinze jours et jusqu&rsquo;\u00e0 la derni\u00e8re mercredi soir \u00e0 Strasbourg : salles archi-combles, des gens ont m\u00eame \u00e9t\u00e9 refoul\u00e9s par mesure de s\u00e9curit\u00e9. <\/div>\n<p><\/p>\n<div align=\"center\"><img decoding=\"async\" src=\"\/IMG\/bioethique\/bioethique1.jpg\" width=400><\/div>\n<p><\/p>\n<div align=\"justify\">A Paris, 1 300 personnes dans la salle super \u00e9quip\u00e9e (plusieurs cam\u00e9ras, \u00e9cran g\u00e9ant, micros \u00e0 profusion) et de chaque c\u00f4t\u00e9 de la salle en suivant sur des \u00e9crans plasma.<\/p>\n<p>Les intervenants ont d\u00e9battu autour des th\u00e8mes :<br \/>\n&#8211; L&#8217;embryon,<br \/>\n&#8211; AMP (Aide m\u00e9dicalis\u00e9e \u00e0 la procr\u00e9ation),<br \/>\n&#8211; GPA (Gestation Pour Autrui),<br \/>\n&#8211; DPN (Diagnostic Pr\u00e9 Natal) et DPI (Diagnostic Pr\u00e9 Implantatoire).<\/p>\n<p>Avec \u00e0 chaque fois un expos\u00e9 de la situation et des enjeux, un d\u00e9bat entre les intervenants :<br \/>\n&#8211; Xavier Mirabel, canc\u00e9roloque \u00e0 Lille et pr\u00e9sident de ADV (Alliance pour les Droits de la Vie),<\/p><\/div>\n<div align=\"center\"><img decoding=\"async\" src=\"\/IMG\/bioethique\/Xavier_Mirabel.jpg\" width=300><br \/>Xavier Mirabel<\/div>\n<p>&#8211; Caroline Roux, secr\u00e9taire g\u00e9n\u00e9rale de ADV,<br \/>\n <\/p>\n<div align=\"center\"><img decoding=\"async\" src=\"\/IMG\/bioethique\/Caroline_Roux.jpg\" width=300><br \/>Caroline Roux<\/div>\n<p>&#8211; Daniel Rivaud, d\u00e9l\u00e9gu\u00e9 g\u00e9n\u00e9ral du Comit\u00e9 protestant pour la dignit\u00e9 humaine, <\/p>\n<div align=\"center\"><img decoding=\"async\" src=\"\/IMG\/bioethique\/Daniel_Rivaud.jpg\" width=300><br \/>Daniel Rivaud<\/div>\n<p>&#8211; Philippe de la Chapelle, directeur de l&rsquo;OCH (Office Chr\u00e9tien des Handicap\u00e9s).<\/p>\n<div align=\"center\"><img decoding=\"async\" src=\"\/IMG\/bioethique\/Philippe_de_Lachapelle.jpg\" width=300><br \/>Philippe de Lachapelle<\/div>\n<div  align=\"justify\">D\u00e9bat men\u00e9 par Turgual Derville, d\u00e9l\u00e9gu\u00e9 g\u00e9n\u00e9ral de ADV et fondateur de A Bras Ouverts, le tout ponctu\u00e9 de reportages, un micro-trottoir, des t\u00e9moignages tr\u00e8s touchants, notamment de personnes handicap\u00e9es. <\/div>\n<p> <\/p>\n<div align=\"center\"><img decoding=\"async\" src=\"\/IMG\/bioethique\/Turgual_Derville.jpg\" width=300><br \/>Turgual Derville<\/div>\n<p>\nQuelques notes prises au vol :<\/p>\n<div align=\"justify\"><b>Th\u00e8me 1 &#8211; L&#8217;embryon <\/b>: Maladie de Parkinson, diab\u00e8te, infractus &#8230; touchent des organes non capables de s&rsquo;auto-r\u00e9parer; la peau cicatrise, le coeur non. D&rsquo;o\u00f9 l&rsquo;int\u00e9r\u00eat pour les cellules souches, notamment celles de l&#8217;embryon, qui au d\u00e9part n&rsquo;est constitu\u00e9 que de cellules souches. On trouve aussi des cellules souches adultes (peau, os , moelle ossseuse), mais celles de la peau ne refont que de la peau, celle de l&rsquo;os que de l&rsquo;os&#8230; et dans le sang du cordon ombilical. Or depuis 2007, il est possible de reprogrammer les cellules souches adultes pour r\u00e9parer d&rsquo;autres tissus. Le sang du cordon, quant \u00e0 lui, soigne d\u00e9j\u00e0 depuis 20 ans de nombreuses maladies et pourrait en soigner au moins 45. Pourtant les chercheurs continuent \u00e0 r\u00e9clamer de pouvoir faire des recherches sur l&#8217;embryon. A part obtenir des cellules souches, ils pensent aux tests de m\u00e9dicaments sur l&#8217;embryon plut\u00f4t que sur l&rsquo;animal, et aussi plus fondamentalement pour la soif de d\u00e9couverte, savoir, comprendre le d\u00e9but de la vie.<\/p>\n<div align=\"justify\">La loi de 1994 a autoris\u00e9 la cr\u00e9ation et la cong\u00e9lation d&#8217;embryons. Celle de 2004 a autoris\u00e9 l&rsquo;exp\u00e9rimentation embryonnaire sur d\u00e9rogations. En 2006, les embryons congel\u00e9s sont au nombre de 179 000. Chaque ann\u00e9e, on demande aux parents ce qu&rsquo;ils veuelnt faire de leurs embryons congel\u00e9s (les r\u00e9implanter, les d\u00e9truire, les donner \u00e0 un autre couple ou depuis 2004 les donner \u00e0 la recherche). Les intervenants constatent le manque d&rsquo;information des parents des cons\u00e9quences de la cong\u00e9lation embryonnaire et leur d\u00e9sarroi, ainsi que celui des \u00e9quipes m\u00e9dicales, devant ces choix impossibles. L&rsquo;argument souvent avanc\u00e9 du statut de l&#8217;embryon d\u00e9pendant d&rsquo;un \u00ab\u00a0projet parental\u00a0\u00bb ne tient pas la route; scientifiquement, il n&rsquo;y a pas de changement de nature entre un embryon implant\u00e9 ou un embryon non implant\u00e9.<\/div>\n<p><\/p>\n<div align=\"center\"><img decoding=\"async\" src=\"\/IMG\/bioethique\/bioethique2.jpg\" width=400><\/div>\n<p><\/p>\n<div align=\"justify\"><b>Th\u00e8me 2 &#8211; AMP et GPA<\/b> : Depuis la loi de 94, l&rsquo;AMP est ouverte aux couples (homme et femme) mari\u00e9s ou pouvant justifier d&rsquo;au moins 2 ans de vie commune, vivants tous les deux et en \u00e2ge de procr\u00e9er (remboursement jusqu&rsquo;\u00e0 leurs 43 ans). 2 possibilit\u00e9s : ins\u00e9mination artificielle ou FIV (ponction d&rsquo;ovocytes, tri des embryons pour ne garder que les meilleurs dont 2 ou 3 sont implant\u00e9s et les autres congel\u00e9s). 3 sch\u00e9mas pour la GPA : la m\u00e8re porteuse est aussi la donneuse &#8211; 1 m\u00e8re porteuse + 1 m\u00e8re demandeuse et donneuse &#8211; 1 m\u00e8re porteuse + 1 m\u00e8re demandeuse + 1 m\u00e8re donneuse : 3 femmes en jeu dans ce cas ! La demande de GPA est le forcing d&rsquo;une minorit\u00e9. On entend bien la souffrance parfois tr\u00e8s grande des parents de ne pas pouvoir avoir d&rsquo;enfants, mais on ne peut pas sacrifier pour cela le droit de l&rsquo;enfant et concevoir un enfant en programmant d&rsquo;avance son abandon. Ce qui est grave, c&rsquo;est que l&rsquo;enfant soit l&rsquo;objet d&rsquo;un contract : cela s&rsquo;appelle de l&rsquo;esclavage. <\/p>\n<div align=\"justify\">Depuis Amandine, 14 000 enfants sont n\u00e9s de FIV. Leur existence n&rsquo;est bien s\u00fbr pas contest\u00e9e, mais il faut bien voir ce que cela cache. Pour la naissance de ces 14 000 enfants, il a fallu cr\u00e9er 238 000 embryons, c&rsquo;est \u00e0 dire 1 naissance pour 17 embryons con\u00e7us. Un bien lourd sacrifice.<br \/>\n1 couple sur 7 souffre d&rsquo;infertili\u00e9 et 1 sur 10 est trait\u00e9 pour cela. L&rsquo;infertilit\u00e9 est consid\u00e9r\u00e9e comme une v\u00e9ritable \u00e9pid\u00e9mie. L&rsquo;enjeu prioritaire ne serait-il pas \u00e0 la recherche pour comprendre et traiter \u00e0 la base ces infertilit\u00e9s, plut\u00f4t que d&rsquo;orienter tout de suite les couples vers l&rsquo;AMP ? Comme on a une \u00ab\u00a0solution\u00a0\u00bb, la tentation est grande de ne pas chercher \u00e0 comprendre. <\/div>\n<p><\/p>\n<div align=\"center\"><img decoding=\"async\" src=\"\/IMG\/bioethique\/bioethique7.jpg\" width=400><\/div>\n<p><\/p>\n<div align=\"justify\"><b>Th\u00e8me 3 &#8211; DPN et DPI<\/b> : La France est consid\u00e9r\u00e9e comme le super champion du monde du DPN et du DPI. Elle diagnostique 2 fois plus de handicaps qu&rsquo;aux USA, \u00ab\u00a0gr\u00e2ce\u00a0\u00bb \u00e0 l&rsquo;\u00e9chographie pour 70%, le \u00ab\u00a0triple test\u00a0\u00bb (marqueurs s\u00e9riques par prise de sang) et l&rsquo;amiosynth\u00e8se. Quasiment toutes les grossesses \u00ab\u00a0b\u00e9n\u00e9ficient\u00a0\u00bb d&rsquo;un DPN. Le DPN n&rsquo;est pas remis en cause pour lui-m\u00eame; il est bon quand il est au service de l&rsquo;enfant pour le soigner ou mieux l&rsquo;accueillir \u00e0 la naissance.<br \/>\nOn constate une amplification du DPI, m\u00eame r\u00e9cemment sur des embryons porteurs du g\u00eane BRCA1, pouvant provoquer le cancer plus tard; on n&rsquo;est plus dans une certitude (bien qu&rsquo;en mati\u00e8re de PDI ce ne soit jamais une certitude, comme le prouve un t\u00e9moignage diffus\u00e9) mais dans une possibilit\u00e9 de maladie plus tard. On va \u00e9galement vers une simplification car bient\u00f4t, l&rsquo;amiosynth\u00e8se qui est risqu\u00e9e (1 fausse couche sur 100) ne sera plus n\u00e9cessaire car on pourra r\u00e9cup\u00e9rer des cellules foetales dans le sang de la m\u00e8re. De plus, on va d\u00e9couvrir de plus en plus de g\u00eanes facteurs de risques. Actuellement, 96% des parents \u00e0 qui ont annonce une trisomie choisissent l&rsquo;IMG.<br \/>\nR\u00e9flexion de Philippe de Lachapelle, illustr\u00e9e par les magnifiques t\u00e9moignages de parents d&rsquo;enfants handicap\u00e9s, ou de personnes elles-m\u00eames handicap\u00e9es : nous sommes aim\u00e9s juste comme nous sommes. Face \u00e0 la violence du handicap, ne pas rajouter de la violence, mais surabonder d&rsquo;amour.<\/p>\n<p>La soir\u00e9e s&rsquo;est termin\u00e9e par une sc\u00e9ance de questions\/r\u00e9ponses et par la signature de l&rsquo;appel bio\u00e9thique.<\/p>\n<p>Emmanuelle.\n<\/p><\/div>\n<div align=\"center\"><img decoding=\"async\" src=\"\/IMG\/bioethique\/bioethique4.jpg\" width=400><\/div>\n<p>\n<\/div>\n<\/td>\n<\/td>\n<\/tbody>\n<\/table>\n<table bgcolor =\"F0FAF0\" border=1>\n<tbody>\n<tr>\n<td>\n<div align=\"justify\">\n<h4>Avant le 15 juin<\/h4>\n<div align=\"justify\">Les premi\u00e8res lois bio\u00e9thiques ont \u00e9t\u00e9 vot\u00e9es en 1994 et revues en 2004. Actuellement se pr\u00e9pare au Parlement une nouvelle r\u00e9vision.<br \/>\nLa biom\u00e9decine d\u00e9termine l&rsquo;avenir de l&rsquo;humanit\u00e9. D\u00e9j\u00e0 elle a chang\u00e9 les rep\u00e8res de la procr\u00e9ation, de la filiation et de la recherche m\u00e9dicale avec le clonage, les m\u00e8res porteuses, le diagnostic pr\u00e9implantatoire&#8230; C&rsquo;est le moment d&rsquo;intervenir dans le d\u00e9bat politique pour r\u00e9concilier la biom\u00e9decine et la vie.<br \/>\nLes pouvoirs publics demandent d&rsquo;ailleurs \u00e0 chaque citoyen de s&rsquo;approprier ce d\u00e9bat et d&rsquo;apporter sa contribution aux Etats g\u00e9n\u00e9raux de la bio\u00e9thique.<\/p>\n<p>Joignez-vous \u00e0 \u00e2\u20ac\u009dL&rsquo; Appel Bio\u00e9thique &#8211;  R\u00e9concilions la biom\u00e9decine et la vie\u00e2\u20ac\u009d que lance l&rsquo;Alliance pour les Droits de la Vie pour alerter les pouvoirs publics sur certains paradoxes et injustices et peser dans le futur d\u00e9bat l\u00e9gislatif.<\/p>\n<p>Cet Appel Bio\u00e9thique affirme 4 demandes urgentes et essentielles pour la paix sociale et le respect des droits de l&rsquo;homme :<\/p>\n<p>1 &#8211; Pr\u00e9servons le sens de la maternit\u00e9 qui est d&rsquo;accueillir la vie<br \/>\n2 &#8211; Stoppons l&rsquo;escalade vers le b\u00e9b\u00e9 z\u00e9ro d\u00e9faut<br \/>\n3 &#8211; Donnons la priorit\u00e9 au droit de l&rsquo;enfant sur le droit \u00e0 l&rsquo;enfant<br \/>\n4 &#8211; Soutenons la recherche qui respecte l&#8217;embryon humain <\/p>\n<p>Plus nous serons nombreux,<br \/>\nplus nous aurons de force pour mettre le respect du plus vuln\u00e9rable<br \/>\nau coeur du d\u00e9bat l\u00e9gislatif<\/p>\n<p>Signez et faites signer l&rsquo;Appel Bio\u00e9thique<br \/>\n sur <a href=\"http:\/\/www.adv.org\/\" target=\"_blank\"><b>www.adv.org<\/a><\/b>\n<\/div>\n<\/td>\n<\/tr>\n<\/tbody>\n<\/table>\n","protected":false},"excerpt":{"rendered":"<p>La recherche sur les embryons, les m\u00e8res porteuses, le b\u00e9b\u00e9 \u00ab\u00a0z\u00e9ro d\u00e9faut\u00a0\u00bb, .. Que de questions et de sujets d\u00e9licats qui interpellent les chr\u00e9tiens et sont au coeur des r\u00e9flexions sur la bio\u00e9thique au&#46;&#46;&#46;<\/p>\n","protected":false},"author":2,"featured_media":0,"comment_status":"open","ping_status":"open","sticky":false,"template":"","format":"standard","meta":{"footnotes":""},"categories":[],"tags":[],"class_list":["post-134","post","type-post","status-publish","format-standard","hentry"],"_links":{"self":[{"href":"http:\/\/www.chapelle-crecy.com\/index.php?rest_route=\/wp\/v2\/posts\/134","targetHints":{"allow":["GET"]}}],"collection":[{"href":"http:\/\/www.chapelle-crecy.com\/index.php?rest_route=\/wp\/v2\/posts"}],"about":[{"href":"http:\/\/www.chapelle-crecy.com\/index.php?rest_route=\/wp\/v2\/types\/post"}],"author":[{"embeddable":true,"href":"http:\/\/www.chapelle-crecy.com\/index.php?rest_route=\/wp\/v2\/users\/2"}],"replies":[{"embeddable":true,"href":"http:\/\/www.chapelle-crecy.com\/index.php?rest_route=%2Fwp%2Fv2%2Fcomments&post=134"}],"version-history":[{"count":0,"href":"http:\/\/www.chapelle-crecy.com\/index.php?rest_route=\/wp\/v2\/posts\/134\/revisions"}],"wp:attachment":[{"href":"http:\/\/www.chapelle-crecy.com\/index.php?rest_route=%2Fwp%2Fv2%2Fmedia&parent=134"}],"wp:term":[{"taxonomy":"category","embeddable":true,"href":"http:\/\/www.chapelle-crecy.com\/index.php?rest_route=%2Fwp%2Fv2%2Fcategories&post=134"},{"taxonomy":"post_tag","embeddable":true,"href":"http:\/\/www.chapelle-crecy.com\/index.php?rest_route=%2Fwp%2Fv2%2Ftags&post=134"}],"curies":[{"name":"wp","href":"https:\/\/api.w.org\/{rel}","templated":true}]}}