{"id":1340,"date":"2021-04-16T20:30:07","date_gmt":"2021-04-16T20:30:07","guid":{"rendered":""},"modified":"-0001-11-30T00:00:00","modified_gmt":"-0001-11-29T22:00:00","slug":"","status":"publish","type":"post","link":"http:\/\/www.chapelle-crecy.com\/?p=1340","title":{"rendered":"Annonces du 17 au 25 avril 2021"},"content":{"rendered":"<div align=\"justify\">Voici les annonces de la p\u00e9riode du samedi 17 au dimanche 25 avril 2021 pour la paroisse des 3 clochers Cr\u00e9cy-la-Chapelle, Villiers-sur-Morin, Voulangis. <\/p>\n<p>Samedi 17 avril \u00e0\u00a0 17 h 30, Messe \u00e0\u00a0 Voulangis.<br \/> <br \/>\nDimanche 18 avril \u00e0\u00a0 10 h 30, Messe \u00e0\u00a0 Cr\u00e9cy.<br \/> <br \/>\nSamedi 24 avril \u00e0\u00a0 17 h 30, Messe \u00e0\u00a0 Voulangis.<br \/> <br \/>\nDimanche 25 avril \u00e0\u00a0 10 h 30, Messe \u00e0\u00a0 Cr\u00e9cy.<\/p>\n<p><b>NOTA : Par arr\u00eat\u00e9 municipal, l&rsquo;\u00e9glise de Villiers est ferm\u00e9e jusqu&rsquo;\u00e0\u00a0 nouvel ordre pour cause de travaux.<\/b><br \/>\n<br \/> Tous les d\u00e9tails dans la suite &#8230;\n<\/div>\n<div align=\"center\">\n<table bgcolor =\"F0F6FF\" border=0>\n<tbody>\n<tr>\n<td width=400><font color=\"00A0B0\"><\/p>\n<div align=\"center\">\n<b>Samedi 17 avril<\/b><br \/>\n17 h 30 &#8211; Messe \u00e0 Voulangis pour Georges et Anne-Marie PAQUET.<\/p>\n<p><b>Dimanche 18 avril<\/b><br \/>\n10 h 30 &#8211; Messe \u00e0 Cr\u00e9cy pour Christophe, Lea et Aude MOULIN, ainsi que pour Thomas CASTEL. Nous prierons \u00e9galement pour Roger GRENET et Fran\u00e7oise VACZLAVIK  inhum\u00e9s cette semaine.<\/p>\n<p><b>Jeudi 22 avril<\/b><br \/>\n<i>Saint Alexandre<\/i><br \/>\n9 h &#8211; \u00e0 Cr\u00e9cy,  messe anniversaire pour Michel et Catherine RENAUD.<\/p>\n<p><b>Samedi 24 avril<\/b><br \/>\n10 h &#8211; R\u00e9union de l&rsquo;Equipe d&rsquo;Animation Pastorale E.A.P.<br \/>\n17 h 30 &#8211; Messe \u00e0 Voulangis pour Lelio SCHIA.<\/p>\n<p><b>Dimanche 25 avril<\/b><br \/>\n10 h 30 &#8211; Messe \u00e0 Cr\u00e9cy pour Michel RAGON.<\/p>\n<p>samedi 24 et dimanche 25 : QUETE SPECIALE POUR LES  VOCATIONS\n<\/p><\/div>\n<p><\/font><\/td>\n<td><font color=\"A0A000\"><\/p>\n<div align=\"center\"><img decoding=\"async\" src=\"\/IMG\/personnes\/alexandre.jpg\" width=250><br \/><i>Saint Alexandre<\/i><\/div>\n<p><\/font><\/td>\n<\/tr>\n<\/tbody>\n<\/table>\n<p><b>NOTA : Par arr\u00eat\u00e9 municipal, l&rsquo;\u00e9glise de Villiers est ferm\u00e9e jusqu&rsquo;\u00e0 nouvel ordre pour cause de travaux.<\/b>\n<\/div>\n","protected":false},"excerpt":{"rendered":"<p>Voici les annonces de la p\u00e9riode du samedi 17 au dimanche 25 avril 2021 pour la paroisse des 3 clochers Cr\u00e9cy-la-Chapelle, Villiers-sur-Morin, Voulangis. Samedi 17 avril \u00e0\u00a0 17 h 30, Messe \u00e0\u00a0 Voulangis. Dimanche&#46;&#46;&#46;<\/p>\n","protected":false},"author":2,"featured_media":0,"comment_status":"open","ping_status":"open","sticky":false,"template":"","format":"standard","meta":{"footnotes":""},"categories":[],"tags":[],"class_list":["post-1340","post","type-post","status-publish","format-standard","hentry"],"_links":{"self":[{"href":"http:\/\/www.chapelle-crecy.com\/index.php?rest_route=\/wp\/v2\/posts\/1340","targetHints":{"allow":["GET"]}}],"collection":[{"href":"http:\/\/www.chapelle-crecy.com\/index.php?rest_route=\/wp\/v2\/posts"}],"about":[{"href":"http:\/\/www.chapelle-crecy.com\/index.php?rest_route=\/wp\/v2\/types\/post"}],"author":[{"embeddable":true,"href":"http:\/\/www.chapelle-crecy.com\/index.php?rest_route=\/wp\/v2\/users\/2"}],"replies":[{"embeddable":true,"href":"http:\/\/www.chapelle-crecy.com\/index.php?rest_route=%2Fwp%2Fv2%2Fcomments&post=1340"}],"version-history":[{"count":0,"href":"http:\/\/www.chapelle-crecy.com\/index.php?rest_route=\/wp\/v2\/posts\/1340\/revisions"}],"wp:attachment":[{"href":"http:\/\/www.chapelle-crecy.com\/index.php?rest_route=%2Fwp%2Fv2%2Fmedia&parent=1340"}],"wp:term":[{"taxonomy":"category","embeddable":true,"href":"http:\/\/www.chapelle-crecy.com\/index.php?rest_route=%2Fwp%2Fv2%2Fcategories&post=1340"},{"taxonomy":"post_tag","embeddable":true,"href":"http:\/\/www.chapelle-crecy.com\/index.php?rest_route=%2Fwp%2Fv2%2Ftags&post=1340"}],"curies":[{"name":"wp","href":"https:\/\/api.w.org\/{rel}","templated":true}]}}