{"id":1342,"date":"2021-05-01T09:40:10","date_gmt":"2021-05-01T09:40:10","guid":{"rendered":""},"modified":"-0001-11-30T00:00:00","modified_gmt":"-0001-11-29T22:00:00","slug":"","status":"publish","type":"post","link":"http:\/\/www.chapelle-crecy.com\/?p=1342","title":{"rendered":"Annonces du 1er au 9 mai 2021"},"content":{"rendered":"<div align=\"justify\">Voici les annonces de la p\u00e9riode du samedi 1er au dimanche 9 mai 2021 pour la paroisse des 3 clochers Cr\u00e9cy-la-Chapelle, Villiers-sur-Morin, Voulangis. <\/p>\n<p>Samedi 1er mai \u00e0\u00a0 17 h 30, Messe \u00e0\u00a0 Voulangis.<br \/> <br \/>\nDimanche 2 mai \u00e0\u00a0 10 h 30, Messe \u00e0\u00a0 Cr\u00e9cy.<\/p>\n<p>Samedi 8 mai \u00e0\u00a0 17 h 30, Messe \u00e0\u00a0 Voulangis.<br \/> <br \/>\nDimanche 9 mai \u00e0\u00a0 10 h 30, Messe \u00e0\u00a0 Cr\u00e9cy.<\/p>\n<p><b>NOTA : Par arr\u00eat\u00e9 municipal, l&rsquo;\u00e9glise de Villiers est ferm\u00e9e jusqu&rsquo;\u00e0\u00a0 nouvel ordre pour cause de travaux.<\/b><br \/>\n<br \/> Tous les d\u00e9tails dans la suite &#8230;\n<\/div>\n<div align=\"center\">\n<table bgcolor =\"F0F6FF\" border=0>\n<tbody>\n<tr>\n<td width=400><font color=\"00A0B0\"><\/p>\n<div align=\"center\">\n<b>Samedi 1er mai<\/b><br \/>\n16 h 15 &#8211; Groupe de pri\u00e8re \u00e0 Voulangis.<br \/>\n17 h 30 &#8211;  Messe \u00e0  Voulangis pour Raymonde, Jean et Michel LEROUX.<\/p>\n<p><b>Dimanche 2 mai<\/b><br \/>\n9 h 45 &#8211; Chapelet \u00e0 l&rsquo;\u00e9glise St Georges.<br \/>\n10 h 30 &#8211; \u00e0 Cr\u00e9cy, Messe anniversaire pour Denise MACQUART  et Lucette BORNIER.<\/p>\n<p><b>Jeudi 6 mai<\/b><br \/>\n9 h &#8211; messe \u00e0 Cr\u00e9cy pour Fran\u00e7oise VACZLAVIK.<\/p>\n<p><b>Samedi 8 mai<\/b><br \/>\n17 h 30 &#8211;  \u00e0  Voulangis  Messe  anniversaire pour Jules et Jos\u00e9phine SCOQUART.<\/p>\n<p><b>Dimanche 9 mai<\/b><br \/>\n<i>Saint Pac\u00f4me<\/i><br \/>\n9 h 45 &#8211; Chapelet \u00e0 la Coll\u00e9giale.<br \/>\n10 h 30 &#8211; \u00e0 la Coll\u00e9giale, Messe pour Maria Alice RODRIGUEZ, et  pour Lancelot  RUYSCHAERT-HUYGHE.<br \/>\nBapt\u00eame de Maddy ARNAUD, Louis et Nolan VIGNERON.\n<\/div>\n<p><\/font><\/td>\n<td><font color=\"A0A000\"><\/p>\n<div align=\"center\"><img decoding=\"async\" src=\"\/IMG\/personnes\/pacome.jpg\" width=250><br \/><i>Saint Pac\u00f4me<\/i><\/div>\n<p><\/font><\/td>\n<\/tr>\n<\/tbody>\n<\/table>\n<p><b>NOTA : Par arr\u00eat\u00e9 municipal, l&rsquo;\u00e9glise de Villiers est ferm\u00e9e jusqu&rsquo;\u00e0 nouvel ordre pour cause de travaux.<\/b>\n<\/div>\n","protected":false},"excerpt":{"rendered":"<p>Voici les annonces de la p\u00e9riode du samedi 1er au dimanche 9 mai 2021 pour la paroisse des 3 clochers Cr\u00e9cy-la-Chapelle, Villiers-sur-Morin, Voulangis. Samedi 1er mai \u00e0\u00a0 17 h 30, Messe \u00e0\u00a0 Voulangis. Dimanche&#46;&#46;&#46;<\/p>\n","protected":false},"author":2,"featured_media":0,"comment_status":"open","ping_status":"open","sticky":false,"template":"","format":"standard","meta":{"footnotes":""},"categories":[],"tags":[],"class_list":["post-1342","post","type-post","status-publish","format-standard","hentry"],"_links":{"self":[{"href":"http:\/\/www.chapelle-crecy.com\/index.php?rest_route=\/wp\/v2\/posts\/1342","targetHints":{"allow":["GET"]}}],"collection":[{"href":"http:\/\/www.chapelle-crecy.com\/index.php?rest_route=\/wp\/v2\/posts"}],"about":[{"href":"http:\/\/www.chapelle-crecy.com\/index.php?rest_route=\/wp\/v2\/types\/post"}],"author":[{"embeddable":true,"href":"http:\/\/www.chapelle-crecy.com\/index.php?rest_route=\/wp\/v2\/users\/2"}],"replies":[{"embeddable":true,"href":"http:\/\/www.chapelle-crecy.com\/index.php?rest_route=%2Fwp%2Fv2%2Fcomments&post=1342"}],"version-history":[{"count":0,"href":"http:\/\/www.chapelle-crecy.com\/index.php?rest_route=\/wp\/v2\/posts\/1342\/revisions"}],"wp:attachment":[{"href":"http:\/\/www.chapelle-crecy.com\/index.php?rest_route=%2Fwp%2Fv2%2Fmedia&parent=1342"}],"wp:term":[{"taxonomy":"category","embeddable":true,"href":"http:\/\/www.chapelle-crecy.com\/index.php?rest_route=%2Fwp%2Fv2%2Fcategories&post=1342"},{"taxonomy":"post_tag","embeddable":true,"href":"http:\/\/www.chapelle-crecy.com\/index.php?rest_route=%2Fwp%2Fv2%2Ftags&post=1342"}],"curies":[{"name":"wp","href":"https:\/\/api.w.org\/{rel}","templated":true}]}}