{"id":1343,"date":"2021-05-06T20:48:20","date_gmt":"2021-05-06T20:48:20","guid":{"rendered":""},"modified":"-0001-11-30T00:00:00","modified_gmt":"-0001-11-29T22:00:00","slug":"","status":"publish","type":"post","link":"http:\/\/www.chapelle-crecy.com\/?p=1343","title":{"rendered":"Annonces du 8 au 16 mai 2021"},"content":{"rendered":"<div align=\"justify\">Voici les annonces de la p\u00e9riode du samedi 8 au dimanche 16 mai 2021 pour la paroisse des 3 clochers Cr\u00e9cy-la-Chapelle, Villiers-sur-Morin, Voulangis. <\/p>\n<p>Samedi 8 mai \u00e0\u00a0 17 h 30, Messe \u00e0\u00a0 Voulangis.<br \/> <br \/>\nDimanche 9 mai \u00e0\u00a0 10 h 30, Messe \u00e0\u00a0 la Coll\u00e9giale.<br \/>\nJeudi 13 mai \u00e0\u00a0 10 h 30, Messe \u00e0\u00a0 la Coll\u00e9giale.<br \/>\nSamedi 15 mai \u00e0\u00a0 17 h 30, Messe \u00e0\u00a0 Voulangis.<br \/> <br \/>\nDimanche 16 mai \u00e0\u00a0 10 h 30, Messe \u00e0\u00a0 la Coll\u00e9giale.<\/p>\n<p><b>NOTA : Par arr\u00eat\u00e9 municipal, l&rsquo;\u00e9glise de Villiers est ferm\u00e9e jusqu&rsquo;\u00e0\u00a0 nouvel ordre pour cause de travaux.<\/b><br \/>\n<br \/> Tous les d\u00e9tails dans la suite &#8230;\n<\/div>\n<div align=\"center\">\n<table bgcolor =\"F0F6FF\" border=0>\n<tbody>\n<tr>\n<td width=400><font color=\"00A0B0\"><\/p>\n<div align=\"center\">\n<b>Samedi 8 mai<\/b><br \/>\n17 h 30 &#8211;  \u00e0  Voulangis, Messe  anniversaire pour Jules et Jos\u00e9phine SCOQUART.<\/p>\n<p><b>Dimanche 9 mai<\/b><br \/>\n<i>Saint Pac\u00f4me<\/i><br \/>\n9 h 45 &#8211; Chapelet \u00e0 la Coll\u00e9giale.<br \/>\n10 h 30 &#8211; \u00e0 la Coll\u00e9giale, Messe pour Maria Alice RODRIGUEZ, et  pour Lancelot  RUYSCHAERT-HUYGHE.<br \/>\nBapt\u00eame de Maddy ARNAUD, Louis et Nolan VIGNERON.<\/p>\n<p><b>Lundi 10 mai<\/b><br \/>\n15 h &#8211; Obs\u00e8ques de Claude JOULAUD \u00e0 St Georges, \u00e0 Cr\u00e9cy.<\/p>\n<p><b>Jeudi 13 mai<\/b><br \/>\n<i>ASCENSION<\/i><br \/>\n10 h 30 &#8211; Messe \u00e0 la Coll\u00e9giale pour Marie-Claire VALLEE.<\/p>\n<p><b>Samedi 15 mai<\/b><br \/>\n17 h 30 &#8211;  Messe \u00e0 Voulangis  pour Georges DROUART.<\/p>\n<p><b>Dimanche 16 mai<\/b><br \/>\n9 h 45 &#8211; Chapelet \u00e0 la Coll\u00e9giale.<br \/>\n10 h 30 &#8211; \u00e0 la Coll\u00e9giale, Messe pour Bernadette BUISSET.<br \/>\nBapt\u00eame de Rapha\u00ebl MOREAU.<\/p>\n<p>Samedi 15 et Dimanche 16 mai : QUETE POUR LA JOURNEE CHRETIENNE DE LA COMMUNICATION.\n<\/p><\/div>\n<p><\/font><\/td>\n<td><font color=\"A0A000\"><\/p>\n<div align=\"center\"><img decoding=\"async\" src=\"\/IMG\/lieux\/lourdes09.jpg\" width=250><br \/><i>L&rsquo;Ascension du Seigneur<\/i><\/div>\n<p><\/font><\/td>\n<\/tr>\n<\/tbody>\n<\/table>\n<p><b>NOTA : Par arr\u00eat\u00e9 municipal, l&rsquo;\u00e9glise de Villiers est ferm\u00e9e jusqu&rsquo;\u00e0 nouvel ordre pour cause de travaux.<\/b>\n<\/div>\n","protected":false},"excerpt":{"rendered":"<p>Voici les annonces de la p\u00e9riode du samedi 8 au dimanche 16 mai 2021 pour la paroisse des 3 clochers Cr\u00e9cy-la-Chapelle, Villiers-sur-Morin, Voulangis. Samedi 8 mai \u00e0\u00a0 17 h 30, Messe \u00e0\u00a0 Voulangis. Dimanche&#46;&#46;&#46;<\/p>\n","protected":false},"author":2,"featured_media":0,"comment_status":"open","ping_status":"open","sticky":false,"template":"","format":"standard","meta":{"footnotes":""},"categories":[],"tags":[],"class_list":["post-1343","post","type-post","status-publish","format-standard","hentry"],"_links":{"self":[{"href":"http:\/\/www.chapelle-crecy.com\/index.php?rest_route=\/wp\/v2\/posts\/1343","targetHints":{"allow":["GET"]}}],"collection":[{"href":"http:\/\/www.chapelle-crecy.com\/index.php?rest_route=\/wp\/v2\/posts"}],"about":[{"href":"http:\/\/www.chapelle-crecy.com\/index.php?rest_route=\/wp\/v2\/types\/post"}],"author":[{"embeddable":true,"href":"http:\/\/www.chapelle-crecy.com\/index.php?rest_route=\/wp\/v2\/users\/2"}],"replies":[{"embeddable":true,"href":"http:\/\/www.chapelle-crecy.com\/index.php?rest_route=%2Fwp%2Fv2%2Fcomments&post=1343"}],"version-history":[{"count":0,"href":"http:\/\/www.chapelle-crecy.com\/index.php?rest_route=\/wp\/v2\/posts\/1343\/revisions"}],"wp:attachment":[{"href":"http:\/\/www.chapelle-crecy.com\/index.php?rest_route=%2Fwp%2Fv2%2Fmedia&parent=1343"}],"wp:term":[{"taxonomy":"category","embeddable":true,"href":"http:\/\/www.chapelle-crecy.com\/index.php?rest_route=%2Fwp%2Fv2%2Fcategories&post=1343"},{"taxonomy":"post_tag","embeddable":true,"href":"http:\/\/www.chapelle-crecy.com\/index.php?rest_route=%2Fwp%2Fv2%2Ftags&post=1343"}],"curies":[{"name":"wp","href":"https:\/\/api.w.org\/{rel}","templated":true}]}}