{"id":1344,"date":"2021-05-16T09:17:12","date_gmt":"2021-05-16T09:17:12","guid":{"rendered":""},"modified":"-0001-11-30T00:00:00","modified_gmt":"-0001-11-29T22:00:00","slug":"","status":"publish","type":"post","link":"http:\/\/www.chapelle-crecy.com\/?p=1344","title":{"rendered":"Annonces du 17 au 30 mai 2021"},"content":{"rendered":"<div align=\"justify\">Voici les annonces de la p\u00e9riode du lundi 17 au dimanche 23 mai 2021 pour la paroisse des 3 clochers Cr\u00e9cy-la-Chapelle, Villiers-sur-Morin, Voulangis. <\/p>\n<p>Samedi 22 mai \u00e0\u00a0 18 h 30, Messe \u00e0\u00a0 Voulangis.<br \/> <br \/>\nDimanche 23 mai \u00e0\u00a0 10 h 30, Messe \u00e0\u00a0 la Coll\u00e9giale.<br \/>\nSamedi 29 mai \u00e0\u00a0 18 h 30, Messe \u00e0\u00a0 Voulangis.<br \/> <br \/>\nDimanche 30 mai \u00e0\u00a0 10 h 30, Messe \u00e0\u00a0 la Coll\u00e9giale.<\/p>\n<p><b>NOTA : Par arr\u00eat\u00e9 municipal, l&rsquo;\u00e9glise de Villiers est ferm\u00e9e jusqu&rsquo;\u00e0\u00a0 nouvel ordre pour cause de travaux.<\/b><br \/>\n<br \/> Tous les d\u00e9tails dans la suite &#8230;\n<\/div>\n<div align=\"center\">\n<table bgcolor =\"F0F6FF\" border=0>\n<tbody>\n<tr>\n<td width=400><font color=\"00A0B0\"><\/p>\n<div align=\"center\">\n<b>Jeudi 20 mai<\/b><br \/>\n9 h &#8211; \u00e0 Cr\u00e9cy,  Messe anniversaire pour Jacqueline FOUCAULT.<\/p>\n<p><b>Samedi 22 mai<\/b><br \/>\n17 h 30 &#8211; Chapelet \u00e0 Voulangis.<br \/>\n18 h 30 -Messe \u00e0  Voulangis  pour Ren\u00e9 HORLAVILLE.<\/p>\n<p><b>Dimanche 23 mai<\/b><br \/>\n<i>PENTECOTE<\/i><br \/>\n10 h 30  &#8211; Messe de Profession de Foi \u00e0 la Coll\u00e9giale.<\/p>\n<p><b>Jeudi 27 mai<\/b><br \/>\n9 h &#8211; \u00e0 Cr\u00e9cy,  Messe anniversaire pour Andr\u00e9 PANHARD.<\/p>\n<p><b>Samedi 29 mai<\/b><br \/>\n17 h 30 &#8211; Chapelet \u00e0 Voulangis.<br \/>\n18 h 30 &#8211; A Voulangis, Messe d&rsquo;action de gr\u00e2ce de la famille COMBAULT.<br \/>\nNous prions aussi pour B\u00e9atrice LEFEBVRE inhum\u00e9e cette semaine.<\/p>\n<p><b>Dimanche 30 mai<\/b><br \/>\n10 h 30  &#8211; Messe de Profession de Foi \u00e0 la Coll\u00e9giale.<br \/>\nBapt\u00eame de Zo\u00e9 et  Nora BICHET et de Sohan TALIK.<br \/>\nNous prierons \u00e9galement pour R\u00e9gine MEUNIER.\n<\/div>\n<p><\/font><\/td>\n<td><font color=\"A0A000\"><\/p>\n<div align=\"center\"><img decoding=\"async\" src=\"\/IMG\/personnes\/pentecote.jpg\" width=250><br \/><i>La Pentec\u00f4te<\/i><\/div>\n<p><\/font><\/td>\n<\/tr>\n<\/tbody>\n<\/table>\n<p><b>NOTA : Par arr\u00eat\u00e9 municipal, l&rsquo;\u00e9glise de Villiers est ferm\u00e9e jusqu&rsquo;\u00e0 nouvel ordre pour cause de travaux.<\/b>\n<\/div>\n","protected":false},"excerpt":{"rendered":"<p>Voici les annonces de la p\u00e9riode du lundi 17 au dimanche 23 mai 2021 pour la paroisse des 3 clochers Cr\u00e9cy-la-Chapelle, Villiers-sur-Morin, Voulangis. Samedi 22 mai \u00e0\u00a0 18 h 30, Messe \u00e0\u00a0 Voulangis. Dimanche&#46;&#46;&#46;<\/p>\n","protected":false},"author":2,"featured_media":0,"comment_status":"open","ping_status":"open","sticky":false,"template":"","format":"standard","meta":{"footnotes":""},"categories":[],"tags":[],"class_list":["post-1344","post","type-post","status-publish","format-standard","hentry"],"_links":{"self":[{"href":"http:\/\/www.chapelle-crecy.com\/index.php?rest_route=\/wp\/v2\/posts\/1344","targetHints":{"allow":["GET"]}}],"collection":[{"href":"http:\/\/www.chapelle-crecy.com\/index.php?rest_route=\/wp\/v2\/posts"}],"about":[{"href":"http:\/\/www.chapelle-crecy.com\/index.php?rest_route=\/wp\/v2\/types\/post"}],"author":[{"embeddable":true,"href":"http:\/\/www.chapelle-crecy.com\/index.php?rest_route=\/wp\/v2\/users\/2"}],"replies":[{"embeddable":true,"href":"http:\/\/www.chapelle-crecy.com\/index.php?rest_route=%2Fwp%2Fv2%2Fcomments&post=1344"}],"version-history":[{"count":0,"href":"http:\/\/www.chapelle-crecy.com\/index.php?rest_route=\/wp\/v2\/posts\/1344\/revisions"}],"wp:attachment":[{"href":"http:\/\/www.chapelle-crecy.com\/index.php?rest_route=%2Fwp%2Fv2%2Fmedia&parent=1344"}],"wp:term":[{"taxonomy":"category","embeddable":true,"href":"http:\/\/www.chapelle-crecy.com\/index.php?rest_route=%2Fwp%2Fv2%2Fcategories&post=1344"},{"taxonomy":"post_tag","embeddable":true,"href":"http:\/\/www.chapelle-crecy.com\/index.php?rest_route=%2Fwp%2Fv2%2Ftags&post=1344"}],"curies":[{"name":"wp","href":"https:\/\/api.w.org\/{rel}","templated":true}]}}