{"id":1345,"date":"2021-05-28T20:13:30","date_gmt":"2021-05-28T20:13:30","guid":{"rendered":""},"modified":"-0001-11-30T00:00:00","modified_gmt":"-0001-11-29T22:00:00","slug":"","status":"publish","type":"post","link":"http:\/\/www.chapelle-crecy.com\/?p=1345","title":{"rendered":"Annonces du 29 mai au 6 juin 2021"},"content":{"rendered":"<div align=\"justify\">Voici les annonces de la p\u00e9riode du lundi 29 mai au dimanche 6 juin 2021 pour la paroisse des 3 clochers Cr\u00e9cy-la-Chapelle, Villiers-sur-Morin, Voulangis. <\/p>\n<p>Samedi 29 mai \u00e0\u00a0 18 h 30, Messe \u00e0\u00a0 Voulangis.<br \/> <br \/>\nDimanche 30 mai \u00e0\u00a0 10 h 30, Messe \u00e0\u00a0 la Coll\u00e9giale.<br \/> <br \/>\nSamedi 5 juin \u00e0\u00a0 18 h 30, Messe \u00e0\u00a0 Voulangis.<br \/> <br \/>\nDimanche 6 juin \u00e0\u00a0 10 h 30, Messe \u00e0\u00a0 la Coll\u00e9giale.<\/p>\n<p><b>NOTA : Par arr\u00eat\u00e9 municipal, l&rsquo;\u00e9glise de Villiers est ferm\u00e9e jusqu&rsquo;\u00e0\u00a0 nouvel ordre pour cause de travaux.<\/b><br \/>\n<br \/> Tous les d\u00e9tails dans la suite &#8230;\n<\/div>\n<div align=\"center\">\n<table bgcolor =\"F0F6FF\" border=0>\n<tbody>\n<tr>\n<td width=400><font color=\"00A0B0\"><\/p>\n<div align=\"center\">\n<b>Samedi 29 mai<\/b><br \/>\n17 h 30 &#8211; Chapelet \u00e0 Voulangis.<br \/>\n18 h 30 &#8211; A Voulangis, Messe d&rsquo;action de gr\u00e2ce de la famille COMBAULT.<br \/>\nNous prions aussi pour B\u00e9atrice LEFEBVRE inhum\u00e9e cette semaine.<\/p>\n<p><b>Dimanche 30 mai<\/b><br \/>\n10 h 30  &#8211; Messe de Profession de Foi \u00e0 la Coll\u00e9giale.<br \/>\nBapt\u00eame de Zo\u00e9 et  Nora BICHET et de Sohan TALIK.<br \/>\nNous prierons \u00e9galement pour R\u00e9gine MEUNIER.<\/p>\n<p><b>Lundi 31 mai<\/b><br \/>\n15 h &#8211; \u00e0 Voulangis, Obs\u00e8ques de Jeanne LOUIS.<\/p>\n<p><b>Jeudi 3 juin<\/b><br \/>\n9 h &#8211;  \u00e0 Cr\u00e9cy, Messe pour Fran\u00e7oise VACZLAVIK.<\/p>\n<p><b>Samedi 5 juin <\/b><br \/>\n17 h &#8211; A Voulangis, groupe de pri\u00e8re.<br \/>\n18 h 30 &#8211; A Voulangis, Messe pour Jean ROSIER.<br \/>\nNous prions aussi pour Jeanne LOUIS inhum\u00e9e cette semaine.<\/p>\n<p><b>Dimanche 6 juin<\/b><br \/>\n<i>Saint Norbert<\/i><br \/>\n10 h 30 &#8211; Premi\u00e8re Communion \u00e0 la Coll\u00e9giale.<br \/>\nBapt\u00eame de Lessio CARLIER.\n<\/div>\n<p><\/font><\/td>\n<td><font color=\"A0A000\"><\/p>\n<div align=\"center\"><img decoding=\"async\" src=\"\/IMG\/personnes\/norbert.jpg\" width=250><br \/><i>Saint Norbert<\/i><\/div>\n<p><\/font><\/td>\n<\/tr>\n<\/tbody>\n<\/table>\n<p><b>NOTA : Par arr\u00eat\u00e9 municipal, l&rsquo;\u00e9glise de Villiers est ferm\u00e9e jusqu&rsquo;\u00e0 nouvel ordre pour cause de travaux.<\/b>\n<\/div>\n","protected":false},"excerpt":{"rendered":"<p>Voici les annonces de la p\u00e9riode du lundi 29 mai au dimanche 6 juin 2021 pour la paroisse des 3 clochers Cr\u00e9cy-la-Chapelle, Villiers-sur-Morin, Voulangis. Samedi 29 mai \u00e0\u00a0 18 h 30, Messe \u00e0\u00a0 Voulangis.&#46;&#46;&#46;<\/p>\n","protected":false},"author":2,"featured_media":0,"comment_status":"open","ping_status":"open","sticky":false,"template":"","format":"standard","meta":{"footnotes":""},"categories":[],"tags":[],"class_list":["post-1345","post","type-post","status-publish","format-standard","hentry"],"_links":{"self":[{"href":"http:\/\/www.chapelle-crecy.com\/index.php?rest_route=\/wp\/v2\/posts\/1345","targetHints":{"allow":["GET"]}}],"collection":[{"href":"http:\/\/www.chapelle-crecy.com\/index.php?rest_route=\/wp\/v2\/posts"}],"about":[{"href":"http:\/\/www.chapelle-crecy.com\/index.php?rest_route=\/wp\/v2\/types\/post"}],"author":[{"embeddable":true,"href":"http:\/\/www.chapelle-crecy.com\/index.php?rest_route=\/wp\/v2\/users\/2"}],"replies":[{"embeddable":true,"href":"http:\/\/www.chapelle-crecy.com\/index.php?rest_route=%2Fwp%2Fv2%2Fcomments&post=1345"}],"version-history":[{"count":0,"href":"http:\/\/www.chapelle-crecy.com\/index.php?rest_route=\/wp\/v2\/posts\/1345\/revisions"}],"wp:attachment":[{"href":"http:\/\/www.chapelle-crecy.com\/index.php?rest_route=%2Fwp%2Fv2%2Fmedia&parent=1345"}],"wp:term":[{"taxonomy":"category","embeddable":true,"href":"http:\/\/www.chapelle-crecy.com\/index.php?rest_route=%2Fwp%2Fv2%2Fcategories&post=1345"},{"taxonomy":"post_tag","embeddable":true,"href":"http:\/\/www.chapelle-crecy.com\/index.php?rest_route=%2Fwp%2Fv2%2Ftags&post=1345"}],"curies":[{"name":"wp","href":"https:\/\/api.w.org\/{rel}","templated":true}]}}