{"id":1346,"date":"2021-06-24T15:51:19","date_gmt":"2021-06-24T15:51:19","guid":{"rendered":""},"modified":"-0001-11-30T00:00:00","modified_gmt":"-0001-11-29T22:00:00","slug":"","status":"publish","type":"post","link":"http:\/\/www.chapelle-crecy.com\/?p=1346","title":{"rendered":"Profession de Foi du 30 mai 2021"},"content":{"rendered":"<table>\n<tbody>\n<tr>\n<td><img decoding=\"async\" src=\"http:\/\/www.chapelle-crecy.com\/IMG\/arton1355.jpg\" width=320 height=240><\/td>\n<td>\n<div align=\"justify\">Le jour de la f\u00eate des m\u00e8res, treize enfants de notre secteur paroissial professaient leur foi. Cette journ\u00e9e restera pour eux, \u00e0 coup s\u00fbr, inoubliable.<br \/>\nNous vous proposons de revivre les plus grands moments de cette magnifique c\u00e9l\u00e9bration en images. Nous esp\u00e9rons que ces enfants continueront \u00e0 cheminer dans la foi, comme ils l&rsquo;ont si bien exprim\u00e9s au cours de la pri\u00e8re universelle.<\/div>\n<div align=\"center\">[album photo Profession de Foi 2021 -> https:\/\/photos.app.goo.gl\/ZgfQzQZDKtLtcUxU8]<\/div>\n<\/td>\n<\/tr>\n<\/tbody>\n<\/table>\n","protected":false},"excerpt":{"rendered":"<p>Le jour de la f\u00eate des m\u00e8res, treize enfants de notre secteur paroissial professaient leur foi. Cette journ\u00e9e restera pour eux, \u00e0 coup s\u00fbr, inoubliable. Nous vous proposons de revivre les plus grands moments&#46;&#46;&#46;<\/p>\n","protected":false},"author":2,"featured_media":0,"comment_status":"open","ping_status":"open","sticky":false,"template":"","format":"standard","meta":{"footnotes":""},"categories":[],"tags":[],"class_list":["post-1346","post","type-post","status-publish","format-standard","hentry"],"_links":{"self":[{"href":"http:\/\/www.chapelle-crecy.com\/index.php?rest_route=\/wp\/v2\/posts\/1346","targetHints":{"allow":["GET"]}}],"collection":[{"href":"http:\/\/www.chapelle-crecy.com\/index.php?rest_route=\/wp\/v2\/posts"}],"about":[{"href":"http:\/\/www.chapelle-crecy.com\/index.php?rest_route=\/wp\/v2\/types\/post"}],"author":[{"embeddable":true,"href":"http:\/\/www.chapelle-crecy.com\/index.php?rest_route=\/wp\/v2\/users\/2"}],"replies":[{"embeddable":true,"href":"http:\/\/www.chapelle-crecy.com\/index.php?rest_route=%2Fwp%2Fv2%2Fcomments&post=1346"}],"version-history":[{"count":0,"href":"http:\/\/www.chapelle-crecy.com\/index.php?rest_route=\/wp\/v2\/posts\/1346\/revisions"}],"wp:attachment":[{"href":"http:\/\/www.chapelle-crecy.com\/index.php?rest_route=%2Fwp%2Fv2%2Fmedia&parent=1346"}],"wp:term":[{"taxonomy":"category","embeddable":true,"href":"http:\/\/www.chapelle-crecy.com\/index.php?rest_route=%2Fwp%2Fv2%2Fcategories&post=1346"},{"taxonomy":"post_tag","embeddable":true,"href":"http:\/\/www.chapelle-crecy.com\/index.php?rest_route=%2Fwp%2Fv2%2Ftags&post=1346"}],"curies":[{"name":"wp","href":"https:\/\/api.w.org\/{rel}","templated":true}]}}