{"id":1349,"date":"2021-06-19T11:57:52","date_gmt":"2021-06-19T11:57:52","guid":{"rendered":""},"modified":"-0001-11-30T00:00:00","modified_gmt":"-0001-11-29T22:00:00","slug":"","status":"publish","type":"post","link":"http:\/\/www.chapelle-crecy.com\/?p=1349","title":{"rendered":"Annonces du 19 au 27 juin 2021"},"content":{"rendered":"<div align=\"justify\">Voici les annonces de la p\u00e9riode du samedi 19 au dimanche 27 juin 2021 pour la paroisse des 3 clochers Cr\u00e9cy-la-Chapelle, Villiers-sur-Morin, Voulangis. <\/p>\n<p>Samedi 19 juin \u00e0\u00a0 18 h 30, Messe \u00e0\u00a0 Voulangis.<br \/> <br \/>\nDimanche 20 juin \u00e0\u00a0 10 h 30, Messe \u00e0\u00a0 Saint-Georges.<br \/>\nSamedi 26 juin \u00e0\u00a0 18 h 30, Messe \u00e0\u00a0 Voulangis.<br \/> <br \/>\nDimanche 27 juin \u00e0\u00a0 10 h 30, Messe \u00e0\u00a0 la Coll\u00e9giale.<\/p>\n<p><b>NOTA : Par arr\u00eat\u00e9 municipal, l&rsquo;\u00e9glise de Villiers est ferm\u00e9e jusqu&rsquo;\u00e0\u00a0 nouvel ordre pour cause de travaux.<\/b><br \/>\n<br \/> Tous les d\u00e9tails dans la suite &#8230;\n<\/div>\n<div align=\"center\">\n<table bgcolor =\"F0F6FF\" border=0>\n<tbody>\n<tr>\n<td width=400><font color=\"00A0B0\"><\/p>\n<div align=\"center\">\n<b>Samedi 19 juin <\/b><br \/>\n<i>Saint Jude<\/i><br \/>\n10 h &#8211; R\u00e9union de l&rsquo;EAP.<br \/>\n18 h 30 &#8211; A Voulangis, Messe pour la famille ROSIER &#8211; CHIQUET.<\/p>\n<p><b>Dimanche 20 juin<\/b><br \/>\n10 h 30 &#8211; A Saint-Georges , Messe  d&rsquo;action de gr\u00e2ce pour  la Communaut\u00e9 paroissiale. <br \/>Nous prions aussi pour les familles SAGBO et BOYER.<br \/>\nBapt\u00eame de Th\u00e9o OGEREAU.<\/p>\n<p><b>Jeudi 24 juin<\/b><br \/>\n<i>Saint Jean Baptiste<\/i><br \/>\n9 h &#8211; Messe \u00e0 Cr\u00e9cy pour Andr\u00e9 PANHARD .<\/p>\n<p><b>Samedi 26 juin <\/b><br \/>\n18 h 30 &#8211; A Voulangis, Messe pour Henriette CHAZEL.<\/p>\n<p><b>Dimanche 27 juin<\/b><br \/>\n10 h 30 &#8211; Messe \u00e0 la Coll\u00e9giale  pour Marc DAUZET et Pierre BEAUMONT.<br \/>\nBapt\u00eame de Marianne DALIT.<br \/>\nNous prions aussi pour Denise VALLET inhum\u00e9e cette semaine <\/p>\n<p>Ces samedi 26 et dimanche 27 juin : QUETE SPECIALE pour le DENIER DE SAINT-PIERRE.<\/p><\/div>\n<p><\/font><\/td>\n<td><font color=\"A0A000\"><\/p>\n<div align=\"center\"><img decoding=\"async\" src=\"\/IMG\/personnes\/jean_baptiste.jpg\" width=250><br \/><i>Saint Jean Baptiste<\/i><\/div>\n<p><\/font><\/td>\n<\/tr>\n<\/tbody>\n<\/table>\n<p><b>NOTA : Par arr\u00eat\u00e9 municipal, l&rsquo;\u00e9glise de Villiers est ferm\u00e9e jusqu&rsquo;\u00e0 nouvel ordre pour cause de travaux.<\/b>\n<\/div>\n","protected":false},"excerpt":{"rendered":"<p>Voici les annonces de la p\u00e9riode du samedi 19 au dimanche 27 juin 2021 pour la paroisse des 3 clochers Cr\u00e9cy-la-Chapelle, Villiers-sur-Morin, Voulangis. Samedi 19 juin \u00e0\u00a0 18 h 30, Messe \u00e0\u00a0 Voulangis. Dimanche&#46;&#46;&#46;<\/p>\n","protected":false},"author":2,"featured_media":0,"comment_status":"open","ping_status":"open","sticky":false,"template":"","format":"standard","meta":{"footnotes":""},"categories":[],"tags":[],"class_list":["post-1349","post","type-post","status-publish","format-standard","hentry"],"_links":{"self":[{"href":"http:\/\/www.chapelle-crecy.com\/index.php?rest_route=\/wp\/v2\/posts\/1349","targetHints":{"allow":["GET"]}}],"collection":[{"href":"http:\/\/www.chapelle-crecy.com\/index.php?rest_route=\/wp\/v2\/posts"}],"about":[{"href":"http:\/\/www.chapelle-crecy.com\/index.php?rest_route=\/wp\/v2\/types\/post"}],"author":[{"embeddable":true,"href":"http:\/\/www.chapelle-crecy.com\/index.php?rest_route=\/wp\/v2\/users\/2"}],"replies":[{"embeddable":true,"href":"http:\/\/www.chapelle-crecy.com\/index.php?rest_route=%2Fwp%2Fv2%2Fcomments&post=1349"}],"version-history":[{"count":0,"href":"http:\/\/www.chapelle-crecy.com\/index.php?rest_route=\/wp\/v2\/posts\/1349\/revisions"}],"wp:attachment":[{"href":"http:\/\/www.chapelle-crecy.com\/index.php?rest_route=%2Fwp%2Fv2%2Fmedia&parent=1349"}],"wp:term":[{"taxonomy":"category","embeddable":true,"href":"http:\/\/www.chapelle-crecy.com\/index.php?rest_route=%2Fwp%2Fv2%2Fcategories&post=1349"},{"taxonomy":"post_tag","embeddable":true,"href":"http:\/\/www.chapelle-crecy.com\/index.php?rest_route=%2Fwp%2Fv2%2Ftags&post=1349"}],"curies":[{"name":"wp","href":"https:\/\/api.w.org\/{rel}","templated":true}]}}