{"id":135,"date":"2009-06-04T07:04:48","date_gmt":"2009-06-04T07:04:48","guid":{"rendered":""},"modified":"-0001-11-30T00:00:00","modified_gmt":"-0001-11-29T22:00:00","slug":"","status":"publish","type":"post","link":"http:\/\/www.chapelle-crecy.com\/?p=135","title":{"rendered":"Nous avons aim\u00e9 Georges ou le fils a\u00een\u00e9"},"content":{"rendered":"<table bgcolor =\"F0FAFF\" border=0>\n<tbody>\n<tr>\n<td>\n<div align=\"justify\">\n<div \"46\">Nous sommes all\u00e9s en famille et entre amis \u00e0\u00a0 Ozoir-la-Ferri\u00e8re assister au spectacle \u00ab Georges ou le fils a\u00een\u00e9 \u00bb, organis\u00e9 par la pastorale du lyc\u00e9e Ste Th\u00e9r\u00e8se, dont nous avions parl\u00e9 dans nos colonnes les jours pr\u00e9c\u00e9dents la repr\u00e9sentation. Quelle inoubliable soir\u00e9e avons nous pass\u00e9e !  Quelle belle coh\u00e9rence \u00e0\u00a0 tous les niveaux dans ce projet de la pastorale de ce lyc\u00e9e. Revenons \u00e0\u00a0 sa gen\u00e8se <\/div>\n<\/div>\n<\/td>\n<\/tr>\n<\/tbody>\n<\/table>\n<table bgcolor =\"F0FAFF\" border=0>\n<tbody>\n<tr>\n<td>\n<div align=\"justify\">Le projet consiste \u00e0 monter cette pi\u00e8ce de th\u00e9\u00e2tre par douze jeunes, lors d&rsquo;un stage de cinq jours qu&rsquo;ils passent avec un com\u00e9dien professionnel, Vincent Buron, form\u00e9 \u00e0 l&rsquo;\u00e9cole prestigieuse de Jacques Lecoq. Particuli\u00e8rement reconnu dans le milieu artistique, Jacques Lecoq  a form\u00e9 des artistes du monde entier au th\u00e9\u00e2tre de mouvement. \u00abC&rsquo;est la base du th\u00e9\u00e2tre classique\u00bb, dit Vincent Buron. Il fait partie de ces personnes dont la rencontre a chang\u00e9 ma vie.\u00bb <\/div>\n<p><\/p>\n<div align=\"center\"><img decoding=\"async\" src=\"\/IMG\/ozoir\/PICT5254.JPG\" width=300><\/div>\n<p> <\/p>\n<div align=\"justify\">Pour les jeunes d&rsquo;Ozoir, le stage a eu lieu pendant une semaine de leurs vacances de printemps, en avril. Beau cadeau d\u00e9j\u00e0 de nous offrir sur sc\u00e8ne leur travail sur leur temps de vacances! Quant \u00e0 Vincent Buron, ce stage s&rsquo;ajoute \u00e0 la centaine de ceux qu&rsquo;il a d\u00e9j\u00e0 propos\u00e9s \u00e0 plus de 450 jeunes en France. C&rsquo;est lui-m\u00eame qui a cr\u00e9\u00e9 la pi\u00e8ce, apr\u00e8s une retraite dont le th\u00e8me \u00e9tait la parabole du fils prodigue et au cours de laquelle le pr\u00eatre avait choisi de commenter cette parabole selon le regard du fr\u00e8re a \u00een\u00e9. Dans la pi\u00e8ce ce fr\u00e8re se nomme Georges, il n&rsquo;a de cesse de reprocher \u00e0 son P\u00e8re l&rsquo;accueil qu&rsquo;il fait \u00e0 son fils \u00abprodigue\u00bb, apr\u00e8s son retour \u00e0 la maison familiale : \u00abPuisque tu l&rsquo;as accueilli quand il est rentr\u00e9, moi maintenant je me BARRE et c&rsquo;est toi qui viendras me chercher!\u00bb <\/div>\n<p><\/p>\n<div align=\"center\"><img decoding=\"async\" src=\"\/IMG\/ozoir\/PICT5375.JPG\" width=300><\/div>\n<p> <\/p>\n<div align=\"justify\">Vincent Buron tient le r\u00f4le de Georges, les douze jeunes se r\u00e9partissant les r\u00f4les suivants: bruiteur (un spectacle dans le spectacle, quelle ing\u00e9niosit\u00e9 et quel talent \u00e2\u20ac\u00a6 \u00e0 \u00e9bruiter sans mod\u00e9ration), choeur antique (mouvement de sc\u00e8ne tr\u00e8s expressif, mimant le for int\u00e9rieur de Georges, choeur au rythme de son coeur \u00e2\u20ac\u00a6), lecteur (lecture \u00abvivante\u00bb de la Parole en filigrane), J\u00e9sus (Il n&rsquo;appara \u00eet qu&rsquo;\u00e0 la fin, mais quelle pr\u00e9sence!), technicien (table de mixage et poursuite) Il faut souligner la performance de chacun, rendant le spectacle tr\u00e8s agr\u00e9able \u00e0 suivre. <\/div>\n<p><\/p>\n<div align=\"center\"><img decoding=\"async\" src=\"\/IMG\/ozoir\/PICT5285.JPG\" width=300><\/div>\n<p> <\/p>\n<div align=\"justify\">Il est \u00e9tonnant qu&rsquo;avec si peu de dialogues et de textes, la compr\u00e9hension de ce qui se passe dans le coeur et la t\u00eate de Georges soit si lumineuse. Tout est sugg\u00e9r\u00e9, par mimes, par bruitage, par r\u00e9f\u00e9rence historique, cin\u00e9matographique ou publicitaire (quel humour quand Georges dit \u00e0 un moment \u00abWhat else\u00bb \u00e0 la mani\u00e8re de Clooney \u00e2\u20ac\u00a6 George, c&rsquo;est fort de caf\u00e9!). Vincent Buron intervient m\u00eame dans le public. <\/div>\n<p><\/p>\n<div align=\"center\"><img decoding=\"async\" src=\"\/IMG\/ozoir\/PICT5298.JPG\" width=300><\/div>\n<p> <\/p>\n<div align=\"justify\">Quelle belle le\u00e7on de f\u00e9d\u00e9rer ces douze jeunes autour de ce projet. Ils ne se r\u00e9unissent pas dans un ch\u00e2teau \u00abcathodique\u00bb, seulement un lyc\u00e9e catholique,  ils commencent \u00e0 douze et finissent \u00e0 douze, c&rsquo;est un bel \u00abstar\u00bb Acte de foi! Si vous avez l&rsquo;occasion un jour d&rsquo;avoir la chance d&rsquo;\u00eatre \u00e0 proximit\u00e9 d&rsquo;une repr\u00e9sentation analogue \u00abmade in Vincent Buron\u00bb, un conseil, entrez dans la salle, vous allez \u00eatre touch\u00e9, gu\u00e9ri, apais\u00e9, transfigur\u00e9, sauv\u00e9  par la pr\u00e9sence de l&rsquo;amour du P\u00e8re. <\/div>\n<div align=\"center\"><img decoding=\"async\" src=\"\/IMG\/ozoir\/PICT5411.JPG\" width=300><\/div>\n<p> <\/p>\n<div align=\"justify\">Je remercie au passage Myriam Morand l&rsquo;adjointe en pastorale au lyc\u00e9e Sainte Th\u00e9r\u00e8se d&rsquo;Ozoir-la-Ferri\u00e8re pour les pr\u00e9cieuses informations communiqu\u00e9es sur l&rsquo;histoire du montage de ce projet.<\/br> <\/p>\n<div align=\"center\"><img decoding=\"async\" src=\"\/IMG\/ozoir\/PICT5277.JPG\" width=300><\/div>\n<\/div>\n<\/td>\n<\/tr>\n<\/tbody>\n<\/table>\n","protected":false},"excerpt":{"rendered":"<p>Nous sommes all\u00e9s en famille et entre amis \u00e0\u00a0 Ozoir-la-Ferri\u00e8re assister au spectacle \u00ab Georges ou le fils a\u00een\u00e9 \u00bb, organis\u00e9 par la pastorale du lyc\u00e9e Ste Th\u00e9r\u00e8se, dont nous avions parl\u00e9 dans nos&#46;&#46;&#46;<\/p>\n","protected":false},"author":2,"featured_media":0,"comment_status":"open","ping_status":"open","sticky":false,"template":"","format":"standard","meta":{"footnotes":""},"categories":[],"tags":[],"class_list":["post-135","post","type-post","status-publish","format-standard","hentry"],"_links":{"self":[{"href":"http:\/\/www.chapelle-crecy.com\/index.php?rest_route=\/wp\/v2\/posts\/135","targetHints":{"allow":["GET"]}}],"collection":[{"href":"http:\/\/www.chapelle-crecy.com\/index.php?rest_route=\/wp\/v2\/posts"}],"about":[{"href":"http:\/\/www.chapelle-crecy.com\/index.php?rest_route=\/wp\/v2\/types\/post"}],"author":[{"embeddable":true,"href":"http:\/\/www.chapelle-crecy.com\/index.php?rest_route=\/wp\/v2\/users\/2"}],"replies":[{"embeddable":true,"href":"http:\/\/www.chapelle-crecy.com\/index.php?rest_route=%2Fwp%2Fv2%2Fcomments&post=135"}],"version-history":[{"count":0,"href":"http:\/\/www.chapelle-crecy.com\/index.php?rest_route=\/wp\/v2\/posts\/135\/revisions"}],"wp:attachment":[{"href":"http:\/\/www.chapelle-crecy.com\/index.php?rest_route=%2Fwp%2Fv2%2Fmedia&parent=135"}],"wp:term":[{"taxonomy":"category","embeddable":true,"href":"http:\/\/www.chapelle-crecy.com\/index.php?rest_route=%2Fwp%2Fv2%2Fcategories&post=135"},{"taxonomy":"post_tag","embeddable":true,"href":"http:\/\/www.chapelle-crecy.com\/index.php?rest_route=%2Fwp%2Fv2%2Ftags&post=135"}],"curies":[{"name":"wp","href":"https:\/\/api.w.org\/{rel}","templated":true}]}}