{"id":1350,"date":"2021-06-27T21:04:00","date_gmt":"2021-06-27T21:04:00","guid":{"rendered":""},"modified":"-0001-11-30T00:00:00","modified_gmt":"-0001-11-29T22:00:00","slug":"","status":"publish","type":"post","link":"http:\/\/www.chapelle-crecy.com\/?p=1350","title":{"rendered":"L&rsquo;aumonerie du Figuier"},"content":{"rendered":"<div align=\"justify\">Il y a quelques ann\u00e9es &#8211; c&rsquo;\u00e9tait en 2011 &#8211; nous avions pr\u00e9sent\u00e9 l&rsquo;aumonerie de l&rsquo;universit\u00e9 de Marne-la-vall\u00e9e, \u00ab\u00a0Le Figuier\u00a0\u00bb.<br \/>\nDes informations \u00e0\u00a0 rafraichir que nous a transmis l&rsquo;aumonier et qui peuvent int\u00e9resser nos jeunes qui iront \u00e9tudier dans le campus de la cit\u00e9 Descartes, un lien fraternel et spirituel de proximit\u00e9.<\/div>\n<p><img1929|center><br \/>\n<img1930|center><\/p>\n","protected":false},"excerpt":{"rendered":"<p>Il y a quelques ann\u00e9es &#8211; c&rsquo;\u00e9tait en 2011 &#8211; nous avions pr\u00e9sent\u00e9 l&rsquo;aumonerie de l&rsquo;universit\u00e9 de Marne-la-vall\u00e9e, \u00ab\u00a0Le Figuier\u00a0\u00bb. Des informations \u00e0\u00a0 rafraichir que nous a transmis l&rsquo;aumonier et qui peuvent int\u00e9resser nos&#46;&#46;&#46;<\/p>\n","protected":false},"author":2,"featured_media":0,"comment_status":"open","ping_status":"open","sticky":false,"template":"","format":"standard","meta":{"footnotes":""},"categories":[],"tags":[],"class_list":["post-1350","post","type-post","status-publish","format-standard","hentry"],"_links":{"self":[{"href":"http:\/\/www.chapelle-crecy.com\/index.php?rest_route=\/wp\/v2\/posts\/1350","targetHints":{"allow":["GET"]}}],"collection":[{"href":"http:\/\/www.chapelle-crecy.com\/index.php?rest_route=\/wp\/v2\/posts"}],"about":[{"href":"http:\/\/www.chapelle-crecy.com\/index.php?rest_route=\/wp\/v2\/types\/post"}],"author":[{"embeddable":true,"href":"http:\/\/www.chapelle-crecy.com\/index.php?rest_route=\/wp\/v2\/users\/2"}],"replies":[{"embeddable":true,"href":"http:\/\/www.chapelle-crecy.com\/index.php?rest_route=%2Fwp%2Fv2%2Fcomments&post=1350"}],"version-history":[{"count":0,"href":"http:\/\/www.chapelle-crecy.com\/index.php?rest_route=\/wp\/v2\/posts\/1350\/revisions"}],"wp:attachment":[{"href":"http:\/\/www.chapelle-crecy.com\/index.php?rest_route=%2Fwp%2Fv2%2Fmedia&parent=1350"}],"wp:term":[{"taxonomy":"category","embeddable":true,"href":"http:\/\/www.chapelle-crecy.com\/index.php?rest_route=%2Fwp%2Fv2%2Fcategories&post=1350"},{"taxonomy":"post_tag","embeddable":true,"href":"http:\/\/www.chapelle-crecy.com\/index.php?rest_route=%2Fwp%2Fv2%2Ftags&post=1350"}],"curies":[{"name":"wp","href":"https:\/\/api.w.org\/{rel}","templated":true}]}}