{"id":1351,"date":"2021-06-25T20:28:54","date_gmt":"2021-06-25T20:28:54","guid":{"rendered":""},"modified":"-0001-11-30T00:00:00","modified_gmt":"-0001-11-29T22:00:00","slug":"","status":"publish","type":"post","link":"http:\/\/www.chapelle-crecy.com\/?p=1351","title":{"rendered":"Annonces du 3 au 25 juillet 2021"},"content":{"rendered":"<div align=\"justify\">Voici les annonces de la p\u00e9riode du samedi 3 au dimanche 18 juillet 2021 pour la paroisse des 3 clochers Cr\u00e9cy-la-Chapelle, Villiers-sur-Morin, Voulangis. <\/p>\n<p>Samedi 3 juillet \u00e0\u00a0 18 h 30, Messe \u00e0\u00a0 Cr\u00e9cy.<br \/> <br \/>\nDimanche 4 juillet \u00e0\u00a0 10 h 30, Messe \u00e0\u00a0 Couilly.<br \/>\nSamedi 10 juillet \u00e0\u00a0 18 h 30, Messe \u00e0\u00a0 Cr\u00e9cy.<br \/> <br \/>\nDimanche 11 juillet \u00e0\u00a0 10 h 30, Messe \u00e0\u00a0 Couilly.<br \/>\nSamedi 17 juillet \u00e0\u00a0 18 h 30, Messe \u00e0\u00a0 Cr\u00e9cy.<br \/> <br \/>\nDimanche 18 juillet \u00e0\u00a0 10 h 30, Messe \u00e0\u00a0 Couilly.<br \/>\nSamedi 24 juillet \u00e0\u00a0 18 h 30, Messe \u00e0\u00a0 Cr\u00e9cy.<br \/> <br \/>\nDimanche 25 juillet \u00e0\u00a0 10 h 30, Messe \u00e0\u00a0 Couilly.<\/p>\n<p> Tous les d\u00e9tails dans la suite &#8230;\n<\/div>\n<div align=\"center\">\n<table bgcolor =\"F0F6FF\" border=0>\n<tbody>\n<tr>\n<td width=400><font color=\"00A0B0\"><\/p>\n<div align=\"center\">\n<b>Samedi 3 juillet <\/b><br \/>\n<i>Saint Thomas<\/i><br \/>\n14 h &#8211; \u00e0 la Coll\u00e9giale, mariage de Charles ROBIN et Lucile RIFLET.<br \/>\n16 h &#8211; \u00e0 la Coll\u00e9giale, de Joris BOROWIEC et Aurore PAQUET.<br \/>\n18 h 30 &#8211; \u00e0 Cr\u00e9cy  Messe pour la famille RONDEL.<\/p>\n<p><b>\u00e0 partir de 18 h 30 : NUIT DES EGLISES \u00e0 la Coll\u00e9giale.<\/b><\/p>\n<p><b>Dimanche 4 juillet<\/b><br \/>\n9 h 45 &#8211; bapt\u00eame \u00e0 Cr\u00e9cy de Moonca MATHIEU<br \/>\n10 h 30 &#8211; Messe \u00e0 Couilly.<\/p>\n<p><b>Samedi 10 juillet <\/b><br \/>\n18 h 30 &#8211; \u00e0 Cr\u00e9cy  Messe pour la famille ROSIER &#8211; CHIQUET.<\/p>\n<p><b>Dimanche 11 juillet<\/b><br \/>\n10 h 30 &#8211; Messe \u00e0 Couilly.<\/p>\n<p><b>Jeudi 15 juillet<\/b><br \/>\n9 h &#8211; \u00e0 Cr\u00e9cy messe pour les malades de notre communaut\u00e9.<\/p>\n<p><b>Samedi 17 juillet <\/b><br \/>\n13 h 30 &#8211;  \u00e0 la Coll\u00e9giale, mariage de David REMOLEUR et Ma\u00eblys MICHALSKI.<br \/>\n18 h 30 &#8211; \u00e0 Cr\u00e9cy  Messe pour Andr\u00e9 PANHARD.<\/p>\n<p><b>Dimanche 18 juillet<\/b><br \/>\n10 h 30 &#8211; Messe \u00e0 Couilly.<br \/>\nBapt\u00eame de Arthur FIAMMARELLI -MOREIRA.<\/p>\n<p><b>Jeudi 22 juillet<\/b><br \/>\n9 h &#8211; \u00e0 Cr\u00e9cy messe anniversaire pour Bernard VALLET<\/p>\n<p><b>Samedi 24 juillet<\/b><br \/>\n18 h 30 &#8211; \u00e0 Cr\u00e9cy  Messe pour Andr\u00e9 PANHARD.<\/p>\n<p><b>Dimanche  25 juillet<\/b><br \/>\n10 h 30 &#8211; Messe \u00e0 Couilly.\n <\/div>\n<p><\/font><\/td>\n<td><font color=\"A0A000\"><\/p>\n<div align=\"center\"><img decoding=\"async\" src=\"\/IMG\/personnes\/thomas.jpg\" width=250><br \/><i>Saint Thomas<\/i><\/div>\n<p><\/font><\/td>\n<\/tr>\n<\/tbody>\n<\/table>\n<\/div>\n","protected":false},"excerpt":{"rendered":"<p>Voici les annonces de la p\u00e9riode du samedi 3 au dimanche 18 juillet 2021 pour la paroisse des 3 clochers Cr\u00e9cy-la-Chapelle, Villiers-sur-Morin, Voulangis. Samedi 3 juillet \u00e0\u00a0 18 h 30, Messe \u00e0\u00a0 Cr\u00e9cy. Dimanche&#46;&#46;&#46;<\/p>\n","protected":false},"author":2,"featured_media":0,"comment_status":"open","ping_status":"open","sticky":false,"template":"","format":"standard","meta":{"footnotes":""},"categories":[],"tags":[],"class_list":["post-1351","post","type-post","status-publish","format-standard","hentry"],"_links":{"self":[{"href":"http:\/\/www.chapelle-crecy.com\/index.php?rest_route=\/wp\/v2\/posts\/1351","targetHints":{"allow":["GET"]}}],"collection":[{"href":"http:\/\/www.chapelle-crecy.com\/index.php?rest_route=\/wp\/v2\/posts"}],"about":[{"href":"http:\/\/www.chapelle-crecy.com\/index.php?rest_route=\/wp\/v2\/types\/post"}],"author":[{"embeddable":true,"href":"http:\/\/www.chapelle-crecy.com\/index.php?rest_route=\/wp\/v2\/users\/2"}],"replies":[{"embeddable":true,"href":"http:\/\/www.chapelle-crecy.com\/index.php?rest_route=%2Fwp%2Fv2%2Fcomments&post=1351"}],"version-history":[{"count":0,"href":"http:\/\/www.chapelle-crecy.com\/index.php?rest_route=\/wp\/v2\/posts\/1351\/revisions"}],"wp:attachment":[{"href":"http:\/\/www.chapelle-crecy.com\/index.php?rest_route=%2Fwp%2Fv2%2Fmedia&parent=1351"}],"wp:term":[{"taxonomy":"category","embeddable":true,"href":"http:\/\/www.chapelle-crecy.com\/index.php?rest_route=%2Fwp%2Fv2%2Fcategories&post=1351"},{"taxonomy":"post_tag","embeddable":true,"href":"http:\/\/www.chapelle-crecy.com\/index.php?rest_route=%2Fwp%2Fv2%2Ftags&post=1351"}],"curies":[{"name":"wp","href":"https:\/\/api.w.org\/{rel}","templated":true}]}}