{"id":1352,"date":"2021-07-23T23:02:49","date_gmt":"2021-07-23T23:02:49","guid":{"rendered":""},"modified":"-0001-11-30T00:00:00","modified_gmt":"-0001-11-29T22:00:00","slug":"","status":"publish","type":"post","link":"http:\/\/www.chapelle-crecy.com\/?p=1352","title":{"rendered":"Annonces du 24 juillet au 15 aout 2021"},"content":{"rendered":"<div align=\"justify\">Voici les annonces de la p\u00e9riode du samedi 24 juillet au dimanche 15 aout 2021 pour la paroisse des 3 clochers Cr\u00e9cy-la-Chapelle, Villiers-sur-Morin, Voulangis. <\/p>\n<p>Samedi 24 juillet \u00e0\u00a0 18 h 30, Messe \u00e0\u00a0 Cr\u00e9cy.<br \/> <br \/>\nDimanche 25 juillet \u00e0\u00a0 10 h 30, Messe \u00e0\u00a0 Couilly.<br \/>\nSamedi 31 juillet \u00e0\u00a0 18 h 30, Messe \u00e0\u00a0 Couilly.<br \/> <br \/>\nDimanche 1er aout \u00e0\u00a0 10 h 30, Messe \u00e0\u00a0 Cr\u00e9cy<br \/>\nSamedi 7 aout \u00e0\u00a0 18 h 30, Messe \u00e0\u00a0 Couilly.<br \/> <br \/>\nDimanche 8 aout \u00e0\u00a0 10 h 30, Messe \u00e0\u00a0 Cr\u00e9cy<br \/>\nSamedi 14 aout \u00e0\u00a0 18 h 30, Messe \u00e0\u00a0 Couilly.<br \/> <br \/>\nDimanche 15 aout \u00e0\u00a0 10 h 30, Messe \u00e0\u00a0 la coll\u00e9giale<\/p>\n<p> Tous les d\u00e9tails dans la suite &#8230;\n<\/p><\/div>\n<div align=\"center\">\n<table bgcolor =\"F0F6FF\" border=0>\n<tbody>\n<tr>\n<td width=400><font color=\"00A0B0\"><\/p>\n<div align=\"center\">\n<b>Samedi 24 juillet<\/b><br \/>\n18 h 30 &#8211; \u00e0 Cr\u00e9cy  Messe pour Andr\u00e9 PANHARD.<\/p>\n<p><b>Dimanche  25 juillet<\/b><br \/>\n10 h 30 &#8211; Messe \u00e0 Couilly.<\/p>\n<p><b>Jeudi 29 juillet<\/b><br \/>\n9 h &#8211; \u00e0 Cr\u00e9cy messe anniversaire pour Daniel PELLISSIER.<\/p>\n<p><b>Vendredi 30 juillet<\/b><br \/>\n<i>Sainte Juliette de C\u00e9sar\u00e9e<\/i><\/p>\n<p><b>Samedi 31 juillet<\/b><br \/>\n18 h 30 &#8211; messe \u00e0 Couilly.<\/p>\n<p><b>Dimanche 1er aout<\/b><br \/>\n10 h 30 &#8211; \u00e0 Cr\u00e9cy, Messe  pour Francis DUBOIS.<\/p>\n<p><b>Jeudi 5 aout<\/b><br \/>\n9 h &#8211; messe \u00e0 Cr\u00e9cy.<\/p>\n<p><b>Samedi 7 aout<\/b><br \/>\n18 h 30 &#8211; messe \u00e0 Couilly.<\/p>\n<p><b>Dimanche 8 aout<\/b><br \/>\n10 h 30 &#8211; \u00e0 Cr\u00e9cy, Messe pour Maurice MEUNIER. <\/p>\n<p><b>Samedi 14 ao\u00fbt<\/b><br \/>\n18 h 30 &#8211; Messe \u00e0 Couilly.<\/p>\n<p><b>Dimanche 15 ao\u00fbt<\/b><br \/>\n<i> ASSOMPTION de la VIERGE MARIE<\/i><br \/>\n10 h 30 &#8211; Messe \u00e0 la Coll\u00e9giale.\n<\/div>\n<p><\/font><\/td>\n<td><font color=\"A0A000\"><\/p>\n<div align=\"center\"><img decoding=\"async\" src=\"\/IMG\/lieux\/lourdes11.jpg\" width=350><br \/><i>L&rsquo;Assomption<\/i><\/div>\n<p><\/font><\/td>\n<\/tr>\n<\/tbody>\n<\/table>\n<\/div>\n","protected":false},"excerpt":{"rendered":"<p>Voici les annonces de la p\u00e9riode du samedi 24 juillet au dimanche 15 aout 2021 pour la paroisse des 3 clochers Cr\u00e9cy-la-Chapelle, Villiers-sur-Morin, Voulangis. Samedi 24 juillet \u00e0\u00a0 18 h 30, Messe \u00e0\u00a0 Cr\u00e9cy.&#46;&#46;&#46;<\/p>\n","protected":false},"author":2,"featured_media":0,"comment_status":"open","ping_status":"open","sticky":false,"template":"","format":"standard","meta":{"footnotes":""},"categories":[],"tags":[],"class_list":["post-1352","post","type-post","status-publish","format-standard","hentry"],"_links":{"self":[{"href":"http:\/\/www.chapelle-crecy.com\/index.php?rest_route=\/wp\/v2\/posts\/1352","targetHints":{"allow":["GET"]}}],"collection":[{"href":"http:\/\/www.chapelle-crecy.com\/index.php?rest_route=\/wp\/v2\/posts"}],"about":[{"href":"http:\/\/www.chapelle-crecy.com\/index.php?rest_route=\/wp\/v2\/types\/post"}],"author":[{"embeddable":true,"href":"http:\/\/www.chapelle-crecy.com\/index.php?rest_route=\/wp\/v2\/users\/2"}],"replies":[{"embeddable":true,"href":"http:\/\/www.chapelle-crecy.com\/index.php?rest_route=%2Fwp%2Fv2%2Fcomments&post=1352"}],"version-history":[{"count":0,"href":"http:\/\/www.chapelle-crecy.com\/index.php?rest_route=\/wp\/v2\/posts\/1352\/revisions"}],"wp:attachment":[{"href":"http:\/\/www.chapelle-crecy.com\/index.php?rest_route=%2Fwp%2Fv2%2Fmedia&parent=1352"}],"wp:term":[{"taxonomy":"category","embeddable":true,"href":"http:\/\/www.chapelle-crecy.com\/index.php?rest_route=%2Fwp%2Fv2%2Fcategories&post=1352"},{"taxonomy":"post_tag","embeddable":true,"href":"http:\/\/www.chapelle-crecy.com\/index.php?rest_route=%2Fwp%2Fv2%2Ftags&post=1352"}],"curies":[{"name":"wp","href":"https:\/\/api.w.org\/{rel}","templated":true}]}}