{"id":1357,"date":"2021-09-11T09:16:36","date_gmt":"2021-09-11T09:16:36","guid":{"rendered":""},"modified":"-0001-11-30T00:00:00","modified_gmt":"-0001-11-29T22:00:00","slug":"","status":"publish","type":"post","link":"http:\/\/www.chapelle-crecy.com\/?p=1357","title":{"rendered":"Annonces du 11 au 19 septembre 2021"},"content":{"rendered":"<div align=\"justify\">Voici les annonces de la p\u00e9riode du lundi 30 aout au dimanche 12 septembre 2021 pour la paroisse des 3 clochers Cr\u00e9cy-la-Chapelle, Villiers-sur-Morin, Voulangis. <\/p>\n<p>Samedi 11 septembre \u00e0\u00a0 18 h 30, Messe \u00e0\u00a0 Voulangis.<br \/>\nDimanche 12 septembre \u00e0\u00a0 10 h 30, Messe \u00e0\u00a0 la Coll\u00e9giale<br \/>\net \u00e0\u00a0 10h messe en plein air \u00e0\u00a0 Voulangis<br \/> <br \/>\nSamedi 18 septembre \u00e0\u00a0 18 h 30, Messe \u00e0\u00a0 Voulangis.<br \/>\nDimanche 19 septembre \u00e0\u00a0 10 h 30, Messe \u00e0\u00a0 la Coll\u00e9giale<br \/>\nTous les d\u00e9tails dans la suite &#8230;\n<\/div>\n<div align=\"center\">\n<table bgcolor =\"F0F6FF\" border=0>\n<tbody>\n<tr>\n<td width=400><font color=\"00A0B0\"><\/p>\n<div align=\"center\">\n<b>Samedi 11 septembre<\/b><br \/>\n18 h 30 &#8211; \u00e0 Voulangis Messe anniversaire pour G\u00e9rard ROUZE et Jean-Luc GAUTHIER.<\/p>\n<p><b>Dimanche 12 septembre<\/b><br \/>\n10 h &#8211; \u00e0 la Coll\u00e9giale &#8211; Messe  anniversaire pour Jos\u00e9phine CHAUVIER.<\/p>\n<p><b>FESTIVAL DE LA TERRE<\/b> &#8211; 10 h 30 Messe c\u00e9l\u00e9br\u00e9e en plein air, \u00e0 Voulangis, par Mgr. NAHMIAS.<br \/>\nQu\u00eate sp\u00e9ciale pour la pastorale de l&rsquo;enfance et de la jeunesse.<\/p>\n<p><b>Jeudi 16 septembre<\/b><br \/>\n9 h  Messe \u00e0 Cr\u00e9cy.<\/p>\n<p><b>Samedi 18 septembre<\/b><br \/>\n<i>Saint Joseph de Cupertino<\/i><br \/>\n16 h &#8211; Mariage de Kevin DUCTEIL et Jessica TEDGA \u00e0 la Coll\u00e9giale.<br \/>\n18 h 30 &#8211; Messe \u00e0 Voulangis.<\/p>\n<p><b>Dimanche 19 septembre<\/b><br \/>\n10 h &#8211; Messe \u00e0 la Coll\u00e9giale pour Fran\u00e7oise VACZLAVIK.\n<\/div>\n<p><\/font><\/td>\n<td><font color=\"A0A000\"><\/p>\n<div align=\"center\"><img decoding=\"async\" src=\"\/IMG\/personnes\/joseph_cupertino.jpg\" width=250><br \/><i>Saint Joseph de Cupertino<\/i><\/div>\n<p><\/font><\/td>\n<\/tr>\n<\/tbody>\n<\/table>\n<\/div>\n","protected":false},"excerpt":{"rendered":"<p>Voici les annonces de la p\u00e9riode du lundi 30 aout au dimanche 12 septembre 2021 pour la paroisse des 3 clochers Cr\u00e9cy-la-Chapelle, Villiers-sur-Morin, Voulangis. Samedi 11 septembre \u00e0\u00a0 18 h 30, Messe \u00e0\u00a0 Voulangis.&#46;&#46;&#46;<\/p>\n","protected":false},"author":2,"featured_media":0,"comment_status":"open","ping_status":"open","sticky":false,"template":"","format":"standard","meta":{"footnotes":""},"categories":[],"tags":[],"class_list":["post-1357","post","type-post","status-publish","format-standard","hentry"],"_links":{"self":[{"href":"http:\/\/www.chapelle-crecy.com\/index.php?rest_route=\/wp\/v2\/posts\/1357","targetHints":{"allow":["GET"]}}],"collection":[{"href":"http:\/\/www.chapelle-crecy.com\/index.php?rest_route=\/wp\/v2\/posts"}],"about":[{"href":"http:\/\/www.chapelle-crecy.com\/index.php?rest_route=\/wp\/v2\/types\/post"}],"author":[{"embeddable":true,"href":"http:\/\/www.chapelle-crecy.com\/index.php?rest_route=\/wp\/v2\/users\/2"}],"replies":[{"embeddable":true,"href":"http:\/\/www.chapelle-crecy.com\/index.php?rest_route=%2Fwp%2Fv2%2Fcomments&post=1357"}],"version-history":[{"count":0,"href":"http:\/\/www.chapelle-crecy.com\/index.php?rest_route=\/wp\/v2\/posts\/1357\/revisions"}],"wp:attachment":[{"href":"http:\/\/www.chapelle-crecy.com\/index.php?rest_route=%2Fwp%2Fv2%2Fmedia&parent=1357"}],"wp:term":[{"taxonomy":"category","embeddable":true,"href":"http:\/\/www.chapelle-crecy.com\/index.php?rest_route=%2Fwp%2Fv2%2Fcategories&post=1357"},{"taxonomy":"post_tag","embeddable":true,"href":"http:\/\/www.chapelle-crecy.com\/index.php?rest_route=%2Fwp%2Fv2%2Ftags&post=1357"}],"curies":[{"name":"wp","href":"https:\/\/api.w.org\/{rel}","templated":true}]}}