{"id":1359,"date":"2021-09-25T09:23:02","date_gmt":"2021-09-25T09:23:02","guid":{"rendered":""},"modified":"-0001-11-30T00:00:00","modified_gmt":"-0001-11-29T22:00:00","slug":"","status":"publish","type":"post","link":"http:\/\/www.chapelle-crecy.com\/?p=1359","title":{"rendered":"Annonces du 25 septembre au 3 octobre 2021"},"content":{"rendered":"<div align=\"justify\">Voici les annonces de la p\u00e9riode du samedi 25 septembre au dimanche 3 octobre 2021 pour la paroisse des 3 clochers Cr\u00e9cy-la-Chapelle, Villiers-sur-Morin, Voulangis. <\/p>\n<p>Samedi 25 septembre \u00e0\u00a0 18 h 30, Messe \u00e0\u00a0 Voulangis.<br \/>\nDimanche 26 septembre \u00e0\u00a0 10 h 30, Messe \u00e0\u00a0 la Coll\u00e9giale<br \/>\nSamedi 2 octobre \u00e0\u00a0 18 h 30, Messe \u00e0\u00a0 Voulangis.<br \/>\nDimanche 3 octobre \u00e0\u00a0 10 h 30, Messe \u00e0\u00a0 la Coll\u00e9giale<br \/>\nTous les d\u00e9tails dans la suite &#8230;\n<\/div>\n<div align=\"center\">\n<table bgcolor =\"F0F6FF\" border=0>\n<tbody>\n<tr>\n<td width=400><font color=\"00A0B0\"><\/p>\n<div align=\"center\">\n<b>Samedi 25 septembre<\/b><br \/>\n18 h 30 &#8211; \u00e0 Voulangis  Messe d&rsquo;action de gr\u00e2ce pour Ama\u00efa Abell, <br \/>\nNous prions aussi pour les \u00e2mes du Purgatoire.<Br><br \/>\n<br \/>\n<b>Dimanche 26 septembre<\/b><br \/>\n10 h &#8211;  \u00e0 la Coll\u00e9giale  MESSE DES FAMILLES<\/b><br \/>\nNous aurons une intention sp\u00e9ciale pour la famille de Mme FISTON : Mme et Mme Camille FISTON, ses parents, Michelle sa soeur et Aubein son fr\u00e8re, ainsi que pour Jo\u00ebl SAMUT son fils r\u00e9cemment d\u00e9c\u00e9d\u00e9.<\/p>\n<p><b>Jeudi 30 septembre<\/b><br \/>\n9 h  Messe \u00e0 Cr\u00e9cy.<\/p>\n<p><b>Vendredi 1er octobre<\/b><br \/>\n<i>Sainte Th\u00e9r\u00e8se<\/i><br \/>\n9 h &#8211; Messe \u00e0 Cr\u00e9cy, suivie d&rsquo;un temps d&rsquo;adoration du St Sacrement.<br \/>\nLe P\u00e8re Michel sera au presbyt\u00e8re de 10 h \u00e0 11 h 30 pour recevoir les paroissiens qui d\u00e9sirent le rencontrer.<br \/>\n20 h 30 &#8211; Pour pr\u00e9parer la venue des reliques de Ste Th\u00e9r\u00e8se de l&rsquo;Enfant J\u00e9sus \u00e0 Cr\u00e9cy le 14 juin 2022, nous proposons une veill\u00e9e de pri\u00e8re avec elle ce vendredi 1er octobre \u00e0 20 h30  \u00e0 l&rsquo;\u00e9glise Saint Georges.<\/p>\n<p><b>Samedi 2 octobre<\/b><br \/>\n15 h &#8211; \u00e0 la Coll\u00e9giale, mariage de Micheline MOREL et Allan Lequirrec.<br \/>\n16 h \u00e0 17 h &#8211;  chorale \u00e0 Voulangis.<br \/>\n18 h 30 &#8211; \u00e0 Voulangis  Messe anniversaire pour Anne-Marie et Georges PAQUET.<\/p>\n<p><b>Dimanche 3 octobre<\/b><br \/>\n10 h &#8211; Messe \u00e0 la Coll\u00e9giale pour Gaby BEAUMONT. Elle sera pr\u00e9sid\u00e9e par Mgr Jean-Yves Nahmias, \u00e9v\u00eaque de Meaux.<\/p>\n<p><b>Samedi 2 et dimanche 3 : QUETE SPECIALE POUR LES PRETRES AGES DU DIOCESE.<\/b>\n<\/div>\n<p><\/font><\/td>\n<td><font color=\"A0A000\"><\/p>\n<div align=\"center\"><img decoding=\"async\" src=\"\/IMG\/personnes\/therese.jpg\" width=250><br \/><i>Sainte Th\u00e9r\u00e8se<\/i><\/div>\n<p><\/font><\/td>\n<\/tr>\n<\/tbody>\n<\/table>\n<\/div>\n","protected":false},"excerpt":{"rendered":"<p>Voici les annonces de la p\u00e9riode du samedi 25 septembre au dimanche 3 octobre 2021 pour la paroisse des 3 clochers Cr\u00e9cy-la-Chapelle, Villiers-sur-Morin, Voulangis. Samedi 25 septembre \u00e0\u00a0 18 h 30, Messe \u00e0\u00a0 Voulangis.&#46;&#46;&#46;<\/p>\n","protected":false},"author":2,"featured_media":0,"comment_status":"open","ping_status":"open","sticky":false,"template":"","format":"standard","meta":{"footnotes":""},"categories":[],"tags":[],"class_list":["post-1359","post","type-post","status-publish","format-standard","hentry"],"_links":{"self":[{"href":"http:\/\/www.chapelle-crecy.com\/index.php?rest_route=\/wp\/v2\/posts\/1359","targetHints":{"allow":["GET"]}}],"collection":[{"href":"http:\/\/www.chapelle-crecy.com\/index.php?rest_route=\/wp\/v2\/posts"}],"about":[{"href":"http:\/\/www.chapelle-crecy.com\/index.php?rest_route=\/wp\/v2\/types\/post"}],"author":[{"embeddable":true,"href":"http:\/\/www.chapelle-crecy.com\/index.php?rest_route=\/wp\/v2\/users\/2"}],"replies":[{"embeddable":true,"href":"http:\/\/www.chapelle-crecy.com\/index.php?rest_route=%2Fwp%2Fv2%2Fcomments&post=1359"}],"version-history":[{"count":0,"href":"http:\/\/www.chapelle-crecy.com\/index.php?rest_route=\/wp\/v2\/posts\/1359\/revisions"}],"wp:attachment":[{"href":"http:\/\/www.chapelle-crecy.com\/index.php?rest_route=%2Fwp%2Fv2%2Fmedia&parent=1359"}],"wp:term":[{"taxonomy":"category","embeddable":true,"href":"http:\/\/www.chapelle-crecy.com\/index.php?rest_route=%2Fwp%2Fv2%2Fcategories&post=1359"},{"taxonomy":"post_tag","embeddable":true,"href":"http:\/\/www.chapelle-crecy.com\/index.php?rest_route=%2Fwp%2Fv2%2Ftags&post=1359"}],"curies":[{"name":"wp","href":"https:\/\/api.w.org\/{rel}","templated":true}]}}