{"id":136,"date":"2009-06-06T18:38:51","date_gmt":"2009-06-06T18:38:51","guid":{"rendered":""},"modified":"-0001-11-30T00:00:00","modified_gmt":"-0001-11-29T22:00:00","slug":"","status":"publish","type":"post","link":"http:\/\/www.chapelle-crecy.com\/?p=136","title":{"rendered":"Annonces de la semaine du 8 au 14 juin 2009"},"content":{"rendered":"<table bgcolor =\"F0FAFF\" border=0>\n<tbody>\n<tr>\n<td>\n<div align=\"justify\">\n<div \"48\">Voici les annonces de la semaine du lundi 8 au dimanche 14 juin 2009  pour la paroisse des 3 clochers Cr\u00e9cy-la-Chapelle, Villiers-sur-Morin, Voulangis.\n<\/div>\n<\/td>\n<\/tr>\n<\/tbody>\n<\/table>\n<table bgcolor =\"F0FAFF\" border=1>\n<tbody>\n<tr>\n<td width=120><font color=\"0020FF\">Lundi 8 juin<\/font><\/td>\n<td><font color=\"0020FF\">14 h 30 &#8211; R\u00e9union de l&rsquo;\u00e9quipe du Rosaire chez Madame LOUIS<\/font><\/td>\n<\/tr>\n<tr>\n<td width=120><font color=\"0020FF\">Mardi 9 juin<\/font><\/td>\n<td><font color=\"0020FF\">17 h 00 &#8211; Messe \u00e0 la Maison de Retraite pour Michel COTTIN<\/font><\/td>\n<\/tr>\n<tr>\n<td><font color=\"0020FF\">Mercredi 10 juin<\/font><\/td>\n<td><font color=\"0020FF\">17 h &#8211;  Messe \u00e0 Cr\u00e9cy pour  Andr\u00e9 GEORGIN<\/font><\/td>\n<\/tr>\n<tr>\n<td><font color=\"0020FF\">Mercredi 10 et jeudi 11 juin<\/font><\/td>\n<td><font color=\"0020FF\">Retraite de Premi\u00e8re Communion au Prieur\u00e9 St Joseph \u00e0 Brou-sur-Chantereine.<br \/>\n<\/font><\/td>\n<\/tr>\n<tr>\n<td><font color=\"0020FF\">Vendredi 12 juin<\/font><\/td>\n<td><font color=\"0020FF\">17 h &#8211; Messe \u00e0 Cr\u00e9cy pour la famille DUBREIL-MAGNIN.<\/font><\/td>\n<\/tr>\n<tr>\n<td><font color=\"0020FF\">Samedi 13 juin<\/font><\/td>\n<td><font color=\"0020FF\">14 h 00 &#8211; A Cr\u00e9cy, Bapt\u00eame de Chloe COZETTE.<br \/>18 h 30 &#8211; Messe \u00e0 Voulangis pour Jean DEDIEU.<\/font><\/td>\n<\/tr>\n<tr>\n<td><font color=\"0020FF\">Dimanche 14 juin<\/font><\/td>\n<td><font color=\"0020FF\">10 h 30 &#8211;  Messe de Premi\u00e8re Communion \u00e0 la Coll\u00e9giale.<br \/>\n11h 30 &#8211; A Cr\u00e9cy, bapt\u00eame de  Lucas ECALLE, Nicolas  FONTAINE et Kyllian et Lilian BOUCLY.<br \/>\n<\/font><\/td>\n<\/tr>\n<\/tbody>\n<\/table>\n","protected":false},"excerpt":{"rendered":"<p>Voici les annonces de la semaine du lundi 8 au dimanche 14 juin 2009 pour la paroisse des 3 clochers Cr\u00e9cy-la-Chapelle, Villiers-sur-Morin, Voulangis. Lundi 8 juin 14 h 30 &#8211; R\u00e9union de l&rsquo;\u00e9quipe du&#46;&#46;&#46;<\/p>\n","protected":false},"author":2,"featured_media":0,"comment_status":"open","ping_status":"open","sticky":false,"template":"","format":"standard","meta":{"footnotes":""},"categories":[],"tags":[],"class_list":["post-136","post","type-post","status-publish","format-standard","hentry"],"_links":{"self":[{"href":"http:\/\/www.chapelle-crecy.com\/index.php?rest_route=\/wp\/v2\/posts\/136","targetHints":{"allow":["GET"]}}],"collection":[{"href":"http:\/\/www.chapelle-crecy.com\/index.php?rest_route=\/wp\/v2\/posts"}],"about":[{"href":"http:\/\/www.chapelle-crecy.com\/index.php?rest_route=\/wp\/v2\/types\/post"}],"author":[{"embeddable":true,"href":"http:\/\/www.chapelle-crecy.com\/index.php?rest_route=\/wp\/v2\/users\/2"}],"replies":[{"embeddable":true,"href":"http:\/\/www.chapelle-crecy.com\/index.php?rest_route=%2Fwp%2Fv2%2Fcomments&post=136"}],"version-history":[{"count":0,"href":"http:\/\/www.chapelle-crecy.com\/index.php?rest_route=\/wp\/v2\/posts\/136\/revisions"}],"wp:attachment":[{"href":"http:\/\/www.chapelle-crecy.com\/index.php?rest_route=%2Fwp%2Fv2%2Fmedia&parent=136"}],"wp:term":[{"taxonomy":"category","embeddable":true,"href":"http:\/\/www.chapelle-crecy.com\/index.php?rest_route=%2Fwp%2Fv2%2Fcategories&post=136"},{"taxonomy":"post_tag","embeddable":true,"href":"http:\/\/www.chapelle-crecy.com\/index.php?rest_route=%2Fwp%2Fv2%2Ftags&post=136"}],"curies":[{"name":"wp","href":"https:\/\/api.w.org\/{rel}","templated":true}]}}