{"id":1360,"date":"2021-10-02T09:20:36","date_gmt":"2021-10-02T09:20:36","guid":{"rendered":""},"modified":"-0001-11-30T00:00:00","modified_gmt":"-0001-11-29T22:00:00","slug":"","status":"publish","type":"post","link":"http:\/\/www.chapelle-crecy.com\/?p=1360","title":{"rendered":"Annonces du 2 au 10 octobre 2021"},"content":{"rendered":"<div align=\"justify\">Voici les annonces de la p\u00e9riode du samedi 2 au dimanche 10 octobre 2021 pour la paroisse des 3 clochers Cr\u00e9cy-la-Chapelle, Villiers-sur-Morin, Voulangis. <\/p>\n<p>Samedi 2 octobre \u00e0\u00a0 18 h 30, Messe \u00e0\u00a0 Voulangis.<br \/>\nDimanche 3 octobre \u00e0\u00a0 10 h, Messe \u00e0\u00a0 la Coll\u00e9giale.<br \/>\nSamedi 9 octobre \u00e0\u00a0 18 h 30, Messe \u00e0\u00a0 Voulangis.<br \/>\nDimanche 10 octobre \u00e0\u00a0 10 h, Messe \u00e0\u00a0 la Coll\u00e9giale.<br \/>\nTous les d\u00e9tails dans la suite &#8230;\n<\/div>\n<div align=\"center\">\n<table bgcolor =\"F0F6FF\" border=0>\n<tbody>\n<tr>\n<td width=400><font color=\"00A0B0\"><\/p>\n<div align=\"center\">\n<b>Samedi 2 octobre<\/b><br \/>\n15 h &#8211; \u00e0 la Coll\u00e9giale, mariage de Micheline MOREL et Allan Lequirrec.<br \/>\n16 h \u00e0 17 h &#8211;  chorale \u00e0 Voulangis.<br \/>\n18 h 30 &#8211; \u00e0 Voulangis  Messe anniversaire pour Anne-Marie et Georges PAQUET.<\/p>\n<p><b>Dimanche 3 octobre<\/b><br \/>\n10 h &#8211; Messe \u00e0 la Coll\u00e9giale pour Gaby BEAUMONT.<\/p>\n<p><b>Samedi 2 et dimanche 3 : QUETE SPECIALE POUR LES PRETRES AGES DU DIOCESE.<\/b><\/p>\n<p><b>Lundi 4 octobre<\/b><br \/>\nde 17 h \u00e0 18 h 30 h  \u00e0 Cr\u00e9cy, R\u00e9p\u00e9tition de la chorale.<\/p>\n<p><b>Jeudi 7 octobre<\/b><br \/>\n9 h &#8211; Messe \u00e0 Cr\u00e9cy.<\/p>\n<p><b>Samedi 9 octobre<\/b><br \/>\n<i>Saint Denis<\/i><br \/>\n18 h 30 &#8211; \u00e0 Voulangis, Messe anniversaire pour Maryvonne MATHONNET.<\/p>\n<p><b>Dimanche 10 octobre<\/b><br \/>\n10 h &#8211; Messe \u00e0 la Coll\u00e9giale pour Louis et Pauline TENAGUILLO.\n<\/div>\n<p><\/font><\/td>\n<td><font color=\"A0A000\"><\/p>\n<div align=\"center\"><img decoding=\"async\" src=\"\/IMG\/personnes\/denis.jpg\" width=250><br \/><i>Saint Denis<\/i><\/div>\n<p><\/font><\/td>\n<\/tr>\n<\/tbody>\n<\/table>\n<\/div>\n","protected":false},"excerpt":{"rendered":"<p>Voici les annonces de la p\u00e9riode du samedi 2 au dimanche 10 octobre 2021 pour la paroisse des 3 clochers Cr\u00e9cy-la-Chapelle, Villiers-sur-Morin, Voulangis. Samedi 2 octobre \u00e0\u00a0 18 h 30, Messe \u00e0\u00a0 Voulangis. Dimanche&#46;&#46;&#46;<\/p>\n","protected":false},"author":2,"featured_media":0,"comment_status":"open","ping_status":"open","sticky":false,"template":"","format":"standard","meta":{"footnotes":""},"categories":[],"tags":[],"class_list":["post-1360","post","type-post","status-publish","format-standard","hentry"],"_links":{"self":[{"href":"http:\/\/www.chapelle-crecy.com\/index.php?rest_route=\/wp\/v2\/posts\/1360","targetHints":{"allow":["GET"]}}],"collection":[{"href":"http:\/\/www.chapelle-crecy.com\/index.php?rest_route=\/wp\/v2\/posts"}],"about":[{"href":"http:\/\/www.chapelle-crecy.com\/index.php?rest_route=\/wp\/v2\/types\/post"}],"author":[{"embeddable":true,"href":"http:\/\/www.chapelle-crecy.com\/index.php?rest_route=\/wp\/v2\/users\/2"}],"replies":[{"embeddable":true,"href":"http:\/\/www.chapelle-crecy.com\/index.php?rest_route=%2Fwp%2Fv2%2Fcomments&post=1360"}],"version-history":[{"count":0,"href":"http:\/\/www.chapelle-crecy.com\/index.php?rest_route=\/wp\/v2\/posts\/1360\/revisions"}],"wp:attachment":[{"href":"http:\/\/www.chapelle-crecy.com\/index.php?rest_route=%2Fwp%2Fv2%2Fmedia&parent=1360"}],"wp:term":[{"taxonomy":"category","embeddable":true,"href":"http:\/\/www.chapelle-crecy.com\/index.php?rest_route=%2Fwp%2Fv2%2Fcategories&post=1360"},{"taxonomy":"post_tag","embeddable":true,"href":"http:\/\/www.chapelle-crecy.com\/index.php?rest_route=%2Fwp%2Fv2%2Ftags&post=1360"}],"curies":[{"name":"wp","href":"https:\/\/api.w.org\/{rel}","templated":true}]}}