{"id":1364,"date":"2021-10-22T18:48:10","date_gmt":"2021-10-22T18:48:10","guid":{"rendered":""},"modified":"-0001-11-30T00:00:00","modified_gmt":"-0001-11-29T22:00:00","slug":"","status":"publish","type":"post","link":"http:\/\/www.chapelle-crecy.com\/?p=1364","title":{"rendered":"Annonces du 23 octobre au 2 novembre 2021"},"content":{"rendered":"<div align=\"justify\">Voici les annonces de la p\u00e9riode du samedi 23 octobre mardi 2 novembre 2021 pour la paroisse des 3 clochers Cr\u00e9cy-la-Chapelle, Villiers-sur-Morin, Voulangis. <\/p>\n<p>Samedi 23 octobre \u00e0\u00a0 18 h 30, Messe \u00e0\u00a0 Voulangis.<br \/>\nDimanche 24 octobre \u00e0\u00a0 10 h, Messe \u00e0\u00a0 Cr\u00e9cy.<br \/>\nSamedi 30 octobre \u00e0\u00a0 18 h 30, Messe \u00e0\u00a0 Voulangis.<br \/>\nDimanche 31 octobre \u00e0\u00a0 10 h, Messe \u00e0\u00a0 Cr\u00e9cy.<br \/>\nLundi 1er novembre \u00e0\u00a0 10h, Messe \u00e0\u00a0 Cr\u00e9cy<br \/>\nTous les d\u00e9tails dans la suite &#8230;\n<\/div>\n<div align=\"center\">\n<table bgcolor =\"F0F6FF\" border=0>\n<tbody>\n<tr>\n<td width=400><font color=\"00A0B0\"><\/p>\n<div align=\"center\">\n<b>Samedi 23 octobre<\/b><br \/>\n18 h 30 &#8211; Messe \u00e0 Voulangis pour Yvette MESSAGER, inhum\u00e9e cette semaine.<\/p>\n<p><b>Dimanche 24 octobre<\/b><br \/>\n10 h &#8211; \u00e0 CRECY Messe anniversaire pour Bernadette BUISSET.<br \/>\nCe dimanche 24 octobre : Qu\u00eate sp\u00e9ciale pour COOPERATION MISSIONNAIRE.<\/p>\n<p><b>Mardi 26 octobre<\/b><br \/>\n18 h &#8211; Messe \u00e0 Cr\u00e9cy.<\/p>\n<p><b>Mercredi 27 octobre<\/b><br \/>\n18 h &#8211; Messe \u00e0 Cr\u00e9cy.<\/p>\n<p><b>Jeudi 28 octobre<\/b><br \/>\n9 h &#8211; Messe \u00e0 Cr\u00e9cy pour les malades de notre Communaut\u00e9.<\/p>\n<p><b>Vendredi 29 octobre<\/b><br \/>\n18 h &#8211; Messe \u00e0 Cr\u00e9cy.<\/p>\n<p><b>Samedi 30 octobre<\/b><br \/>\n18 h 30 &#8211; Messe \u00e0 Voulangis pour Jean ROSIER.<\/p>\n<p><b>Dimanche 31 octobre<\/b><br \/>\n10 h &#8211;  Messe \u00e0 CRECY pour Fran\u00e7oise VACZLAVIK.<\/p>\n<p><b>lundi 1er novembre<\/b><br \/>\nMesse de la TOUSSAINT \u00e0 10 h \u00e0 Cr\u00e9cy.<br \/>\nB\u00e9n\u00e9diction des tombes au cimeti\u00e8re de Voulangis \u00e0 15h.<\/p>\n<p><b>Mardi 2 novembre<\/b><br \/>\nMesse \u00e0 9 h \u00e0 Cr\u00e9cy.\n<\/div>\n<p><\/font><\/td>\n<td><font color=\"A0A000\"><\/p>\n<div align=\"center\">\n<img decoding=\"async\" src=\"\/IMG\/jpg\/chrysanthemes.jpg\" width=300 height=200><\/p>\n<p><img decoding=\"async\" src=\"http:\/\/www.voulangis.fr\/IMG\/jpg\/cimetiere_2016\/DSC_7366.jpg\" width=300 height=200>\n<\/div>\n<p><\/font><\/td>\n<\/tr>\n<\/tbody>\n<\/table>\n<\/div>\n","protected":false},"excerpt":{"rendered":"<p>Voici les annonces de la p\u00e9riode du samedi 23 octobre mardi 2 novembre 2021 pour la paroisse des 3 clochers Cr\u00e9cy-la-Chapelle, Villiers-sur-Morin, Voulangis. Samedi 23 octobre \u00e0\u00a0 18 h 30, Messe \u00e0\u00a0 Voulangis. Dimanche&#46;&#46;&#46;<\/p>\n","protected":false},"author":2,"featured_media":0,"comment_status":"open","ping_status":"open","sticky":false,"template":"","format":"standard","meta":{"footnotes":""},"categories":[],"tags":[],"class_list":["post-1364","post","type-post","status-publish","format-standard","hentry"],"_links":{"self":[{"href":"http:\/\/www.chapelle-crecy.com\/index.php?rest_route=\/wp\/v2\/posts\/1364","targetHints":{"allow":["GET"]}}],"collection":[{"href":"http:\/\/www.chapelle-crecy.com\/index.php?rest_route=\/wp\/v2\/posts"}],"about":[{"href":"http:\/\/www.chapelle-crecy.com\/index.php?rest_route=\/wp\/v2\/types\/post"}],"author":[{"embeddable":true,"href":"http:\/\/www.chapelle-crecy.com\/index.php?rest_route=\/wp\/v2\/users\/2"}],"replies":[{"embeddable":true,"href":"http:\/\/www.chapelle-crecy.com\/index.php?rest_route=%2Fwp%2Fv2%2Fcomments&post=1364"}],"version-history":[{"count":0,"href":"http:\/\/www.chapelle-crecy.com\/index.php?rest_route=\/wp\/v2\/posts\/1364\/revisions"}],"wp:attachment":[{"href":"http:\/\/www.chapelle-crecy.com\/index.php?rest_route=%2Fwp%2Fv2%2Fmedia&parent=1364"}],"wp:term":[{"taxonomy":"category","embeddable":true,"href":"http:\/\/www.chapelle-crecy.com\/index.php?rest_route=%2Fwp%2Fv2%2Fcategories&post=1364"},{"taxonomy":"post_tag","embeddable":true,"href":"http:\/\/www.chapelle-crecy.com\/index.php?rest_route=%2Fwp%2Fv2%2Ftags&post=1364"}],"curies":[{"name":"wp","href":"https:\/\/api.w.org\/{rel}","templated":true}]}}