{"id":1366,"date":"2021-11-06T17:07:16","date_gmt":"2021-11-06T17:07:16","guid":{"rendered":""},"modified":"-0001-11-30T00:00:00","modified_gmt":"-0001-11-29T22:00:00","slug":"","status":"publish","type":"post","link":"http:\/\/www.chapelle-crecy.com\/?p=1366","title":{"rendered":"Annonces du 6 au 14 novembre 2021"},"content":{"rendered":"<div align=\"justify\">Voici les annonces de la p\u00e9riode du samedi 6 au dimanche 14 novembre 2021 pour la paroisse des 3 clochers Cr\u00e9cy-la-Chapelle, Villiers-sur-Morin, Voulangis. <\/p>\n<p>Samedi 6 novembre \u00e0\u00a0 18 h 30, Messe \u00e0\u00a0 Voulangis.<br \/>\nDimanche 7 novembre \u00e0\u00a0 10 h, Messe \u00e0\u00a0 Cr\u00e9cy.<br \/>\nSamedi 13 novembre \u00e0\u00a0 18 h 30, Messe \u00e0\u00a0 Voulangis.<br \/>\nDimanche 14 novembre \u00e0\u00a0 10 h, Messe \u00e0\u00a0 Cr\u00e9cy.<br \/>\nTous les d\u00e9tails dans la suite &#8230;\n<\/div>\n<div align=\"center\">\n<table bgcolor =\"F0F6FF\" border=0>\n<tbody>\n<tr>\n<td width=400><font color=\"00A0B0\"><\/p>\n<div align=\"center\">\n<b>Samedi 6 novembre<\/b><br \/>\n<i>Saint L\u00e9onard<\/i><br \/>\n18 h 30 &#8211; Messe \u00e0 Voulangis pour la famille ROSIER &#8211; CHIQUET.<br \/>\nNous prions aussi pour Jean CABILLIC inhum\u00e9 hier.<\/p>\n<p><b>Dimanche 7 novembre<\/b><br \/>\n10  h-  Messe \u00e0 Cr\u00e9cy pour Bernard et Jacqueline VALLET.<\/p>\n<p><b>Lundi 8 novembre<\/b><br \/>\n17 h &#8211; r\u00e9p\u00e9tition de chorale \u00e0 Cr\u00e9cy.<\/p>\n<p><b>Jeudi 11 novembre<\/b><br \/>\n10 h &#8211; messe \u00e0 Cr\u00e9cy.<\/p>\n<p><b>Vendredi 12 novembre<\/b><br \/>\n20 h 00 &#8211; 3e r\u00e9union \u00ab\u00a0Amoris laetitia\u00a0\u00bb  salle paroissiale d&rsquo;Esbly.<\/p>\n<p><b>Samedi 13 novembre<\/b><br \/>\n17 h &#8211;  Groupe de Pri\u00e8re \u00e0 Voulangis.<br \/>\n18 h 30 &#8211; Messe \u00e0 Voulangis.<\/p>\n<p><b>Dimanche 14 novembre<\/b><br \/>\n10  h- Messe \u00e0 Cr\u00e9cy pour  Fran\u00e7oise VACZLAVIK.\n<\/div>\n<p><\/font><\/td>\n<td><font color=\"A0A000\"><\/p>\n<div align=\"center\">\n<img decoding=\"async\" src=\"\/IMG\/personnes\/leonard.jpg\" >\n<\/div>\n<p><\/font><\/td>\n<\/tr>\n<\/tbody>\n<\/table>\n<\/div>\n","protected":false},"excerpt":{"rendered":"<p>Voici les annonces de la p\u00e9riode du samedi 6 au dimanche 14 novembre 2021 pour la paroisse des 3 clochers Cr\u00e9cy-la-Chapelle, Villiers-sur-Morin, Voulangis. Samedi 6 novembre \u00e0\u00a0 18 h 30, Messe \u00e0\u00a0 Voulangis. Dimanche&#46;&#46;&#46;<\/p>\n","protected":false},"author":2,"featured_media":0,"comment_status":"open","ping_status":"open","sticky":false,"template":"","format":"standard","meta":{"footnotes":""},"categories":[],"tags":[],"class_list":["post-1366","post","type-post","status-publish","format-standard","hentry"],"_links":{"self":[{"href":"http:\/\/www.chapelle-crecy.com\/index.php?rest_route=\/wp\/v2\/posts\/1366","targetHints":{"allow":["GET"]}}],"collection":[{"href":"http:\/\/www.chapelle-crecy.com\/index.php?rest_route=\/wp\/v2\/posts"}],"about":[{"href":"http:\/\/www.chapelle-crecy.com\/index.php?rest_route=\/wp\/v2\/types\/post"}],"author":[{"embeddable":true,"href":"http:\/\/www.chapelle-crecy.com\/index.php?rest_route=\/wp\/v2\/users\/2"}],"replies":[{"embeddable":true,"href":"http:\/\/www.chapelle-crecy.com\/index.php?rest_route=%2Fwp%2Fv2%2Fcomments&post=1366"}],"version-history":[{"count":0,"href":"http:\/\/www.chapelle-crecy.com\/index.php?rest_route=\/wp\/v2\/posts\/1366\/revisions"}],"wp:attachment":[{"href":"http:\/\/www.chapelle-crecy.com\/index.php?rest_route=%2Fwp%2Fv2%2Fmedia&parent=1366"}],"wp:term":[{"taxonomy":"category","embeddable":true,"href":"http:\/\/www.chapelle-crecy.com\/index.php?rest_route=%2Fwp%2Fv2%2Fcategories&post=1366"},{"taxonomy":"post_tag","embeddable":true,"href":"http:\/\/www.chapelle-crecy.com\/index.php?rest_route=%2Fwp%2Fv2%2Ftags&post=1366"}],"curies":[{"name":"wp","href":"https:\/\/api.w.org\/{rel}","templated":true}]}}