{"id":1367,"date":"2021-11-13T12:18:41","date_gmt":"2021-11-13T12:18:41","guid":{"rendered":""},"modified":"-0001-11-30T00:00:00","modified_gmt":"-0001-11-29T22:00:00","slug":"","status":"publish","type":"post","link":"http:\/\/www.chapelle-crecy.com\/?p=1367","title":{"rendered":"Synode universel: l&rsquo;Eglise a besoin de votre contribution"},"content":{"rendered":"<div align=justify>\nAussi, je vous envoie le questionnaire complet sur les 10 th\u00e8mes de r\u00e9flexion propos\u00e9s pour ce synode et qui se trouvent dans le document pr\u00e9paratoire (pi\u00e8ces jointes au bas de cet article). Malheureusement le temps presse: un premier retour est souhait\u00e9 pour le 15 novembre au plus tard afin d&rsquo;alimenter la r\u00e9flexion des 250 d\u00e9l\u00e9gu\u00e9s du dioc\u00e8se qui se r\u00e9uniront en d\u00e9cembre.<br \/>\n Plusieurs possibilit\u00e9s s&rsquo;offrent \u00e0 vous:<\/p>\n<p>&#8211; Vous pouvez choisir de r\u00e9fl\u00e9chir seul ou en \u00e9quipe<br \/>\n&#8211; Vous pouvez choisir les th\u00e8mes qui vous int\u00e9ressent parmi les 10.<br \/>\n&#8211; Vous travaillez en priorit\u00e9 sur les th\u00e8mes I. \u00e2\u20ac\u0153Les compagnons de route\u00e2\u20ac\u009d; II.\u00a0\u00bbEcouter\u00a0\u00bb; IV.\u00a0\u00bbC\u00e9l\u00e9brer\u00a0\u00bb; VII.\u00a0\u00bbAvec les autres confessions chr\u00e9tiennes\u00a0\u00bb (th\u00e8mes choisis pour la r\u00e9union des d\u00e9l\u00e9gu\u00e9s de d\u00e9cembre)<br \/>\n De toutes fa\u00e7ons, j&rsquo;invite donc tous ceux et celles qui le souhaitent \u00e0 envoyer leurs r\u00e9ponses et r\u00e9flexions par mail au : synode@catho77.fr<\/p>\n<p> Je compte sur vous.<br \/>\n Vous pouvez retrouver tous les documents sur le synode sur le site web du dioc\u00e8se de Meaux \u00ab\u00a0Eglise catholique en Seine-et-Marne\u00a0\u00bb, dans la rubrique \u00ab\u00a0Nos dossiers\/Synode sur la synodalit\u00e9\u00a0\u00bb: <\/p>\n<p> [http:\/\/www.catho77.fr\/spip.php?rubrique4921]<br \/>\ndocument pr\u00e9paratoire questions.pdf : <doc1932|center><br \/>\nfiche pr\u00e9paratoire :  <doc1933|center>\n<\/div>\n","protected":false},"excerpt":{"rendered":"<p>Aussi, je vous envoie le questionnaire complet sur les 10 th\u00e8mes de r\u00e9flexion propos\u00e9s pour ce synode et qui se trouvent dans le document pr\u00e9paratoire (pi\u00e8ces jointes au bas de cet article). Malheureusement le&#46;&#46;&#46;<\/p>\n","protected":false},"author":2,"featured_media":0,"comment_status":"open","ping_status":"open","sticky":false,"template":"","format":"standard","meta":{"footnotes":""},"categories":[],"tags":[],"class_list":["post-1367","post","type-post","status-publish","format-standard","hentry"],"_links":{"self":[{"href":"http:\/\/www.chapelle-crecy.com\/index.php?rest_route=\/wp\/v2\/posts\/1367","targetHints":{"allow":["GET"]}}],"collection":[{"href":"http:\/\/www.chapelle-crecy.com\/index.php?rest_route=\/wp\/v2\/posts"}],"about":[{"href":"http:\/\/www.chapelle-crecy.com\/index.php?rest_route=\/wp\/v2\/types\/post"}],"author":[{"embeddable":true,"href":"http:\/\/www.chapelle-crecy.com\/index.php?rest_route=\/wp\/v2\/users\/2"}],"replies":[{"embeddable":true,"href":"http:\/\/www.chapelle-crecy.com\/index.php?rest_route=%2Fwp%2Fv2%2Fcomments&post=1367"}],"version-history":[{"count":0,"href":"http:\/\/www.chapelle-crecy.com\/index.php?rest_route=\/wp\/v2\/posts\/1367\/revisions"}],"wp:attachment":[{"href":"http:\/\/www.chapelle-crecy.com\/index.php?rest_route=%2Fwp%2Fv2%2Fmedia&parent=1367"}],"wp:term":[{"taxonomy":"category","embeddable":true,"href":"http:\/\/www.chapelle-crecy.com\/index.php?rest_route=%2Fwp%2Fv2%2Fcategories&post=1367"},{"taxonomy":"post_tag","embeddable":true,"href":"http:\/\/www.chapelle-crecy.com\/index.php?rest_route=%2Fwp%2Fv2%2Ftags&post=1367"}],"curies":[{"name":"wp","href":"https:\/\/api.w.org\/{rel}","templated":true}]}}