{"id":1369,"date":"2021-11-17T17:58:47","date_gmt":"2021-11-17T17:58:47","guid":{"rendered":""},"modified":"-0001-11-30T00:00:00","modified_gmt":"-0001-11-29T22:00:00","slug":"","status":"publish","type":"post","link":"http:\/\/www.chapelle-crecy.com\/?p=1369","title":{"rendered":"Le d\u00e9fi-photo de l&rsquo;Avent 2021"},"content":{"rendered":"<div align=\"justify\">Chers enfants du cate Cr\u00e9cy, chers paroissiens, chers sympathisants de notre site paroissial, chers nouveaux lecteurs,<br \/>\nPour bien pr\u00e9parer les f\u00eates de la Nativit\u00e9 2021, les \u00e9quipes de cat\u00e9 de Cr\u00e9cy ont cette ann\u00e9e une id\u00e9e originale \u00e0\u00a0 vous proposer. A partir du 1er dimanche de l&rsquo;Avent, le 28 novembre 2021, le cat\u00e9 de Cr\u00e9cy lance le d\u00e9fi-photo.<br \/>\nDe quoi s&rsquo;agit-il?<br \/>\nTous les jours, vous postez sur la page facebook \u00ab\u00a0[cate Cr\u00e9cy -> https:\/\/www.facebook.com\/cate.crecy.7]\u00a0\u00bb que vous connaissez bien maintenant, une photo de votre premi\u00e8re bougie, puis de votre couronne de l&rsquo;Avent et ainsi de suite jusqu&rsquo;au petit J\u00e9sus de votre cr\u00e8che le 25 d\u00e9cembre 2021. (Voir la liste ci-apr\u00e8s).<br \/>\n A la fin de ce d\u00e9fi, apr\u00e8s le jour de No\u00f6l, toutes vos photos seront rassembl\u00e9es pour les mettre en valeur sur un (plusieurs tableaux)  qui sera(seront) install\u00e9(s) dans notre (nos)\u00e9glise(s) de Cr\u00e9cy, Villiers et Voulangis.<br \/>\nTout au long de ce d\u00e9fi, sur cette m\u00eame page facebook, des recettes de cuisine simples \u00e0\u00a0 faire chez vous, des id\u00e9es de bricolages, des lieux \u00e0\u00a0 visiter vous seront propos\u00e9s pour vous aider \u00e0\u00a0 pr\u00e9parer la venue de notre Sauveur J\u00e9sus-Christ .. dans nos maisons!<\/p>\n<div align=\"center\"><doc1935|center><\/div>\n<\/div>\n","protected":false},"excerpt":{"rendered":"<p>Chers enfants du cate Cr\u00e9cy, chers paroissiens, chers sympathisants de notre site paroissial, chers nouveaux lecteurs, Pour bien pr\u00e9parer les f\u00eates de la Nativit\u00e9 2021, les \u00e9quipes de cat\u00e9 de Cr\u00e9cy ont cette ann\u00e9e&#46;&#46;&#46;<\/p>\n","protected":false},"author":2,"featured_media":0,"comment_status":"open","ping_status":"open","sticky":false,"template":"","format":"standard","meta":{"footnotes":""},"categories":[],"tags":[],"class_list":["post-1369","post","type-post","status-publish","format-standard","hentry"],"_links":{"self":[{"href":"http:\/\/www.chapelle-crecy.com\/index.php?rest_route=\/wp\/v2\/posts\/1369","targetHints":{"allow":["GET"]}}],"collection":[{"href":"http:\/\/www.chapelle-crecy.com\/index.php?rest_route=\/wp\/v2\/posts"}],"about":[{"href":"http:\/\/www.chapelle-crecy.com\/index.php?rest_route=\/wp\/v2\/types\/post"}],"author":[{"embeddable":true,"href":"http:\/\/www.chapelle-crecy.com\/index.php?rest_route=\/wp\/v2\/users\/2"}],"replies":[{"embeddable":true,"href":"http:\/\/www.chapelle-crecy.com\/index.php?rest_route=%2Fwp%2Fv2%2Fcomments&post=1369"}],"version-history":[{"count":0,"href":"http:\/\/www.chapelle-crecy.com\/index.php?rest_route=\/wp\/v2\/posts\/1369\/revisions"}],"wp:attachment":[{"href":"http:\/\/www.chapelle-crecy.com\/index.php?rest_route=%2Fwp%2Fv2%2Fmedia&parent=1369"}],"wp:term":[{"taxonomy":"category","embeddable":true,"href":"http:\/\/www.chapelle-crecy.com\/index.php?rest_route=%2Fwp%2Fv2%2Fcategories&post=1369"},{"taxonomy":"post_tag","embeddable":true,"href":"http:\/\/www.chapelle-crecy.com\/index.php?rest_route=%2Fwp%2Fv2%2Ftags&post=1369"}],"curies":[{"name":"wp","href":"https:\/\/api.w.org\/{rel}","templated":true}]}}