{"id":137,"date":"2009-07-11T16:06:00","date_gmt":"2009-07-11T16:06:00","guid":{"rendered":""},"modified":"-0001-11-30T00:00:00","modified_gmt":"-0001-11-29T22:00:00","slug":"","status":"publish","type":"post","link":"http:\/\/www.chapelle-crecy.com\/?p=137","title":{"rendered":"Dessiner le logo du p\u00f4le"},"content":{"rendered":"<table bgcolor =\"F0FAFF\" border=0>\n<tbody>\n<tr>\n<td>\n<div align=\"justify\">\n<div \"49\">Le P\u00f4le Missionnaire de Meaux lance un concours ouvert \u00e0\u00a0 tous pour concevoir le futur logo du P\u00f4le.<br \/>\nLes r\u00e9alisations devront \u00eatre envoy\u00e9es au cur\u00e9 de P\u00f4le, avant le 5 septembre 2009. <br \/>Tout sur ce concours &#8230;<\/div>\n<\/div>\n<\/td>\n<\/tr>\n<\/tbody>\n<\/table>\n<table bgcolor =\"F0FAFF\" border=0>\n<tbody>\n<tr>\n<td>\n<div align=\"justify\">\n<h4>Concours de cr\u00e9ation du logo du P\u00f4le de Meaux &#8211; Cahier des charges<\/h4>\n<p>Principe :<br \/>\nConcours sur le th\u00e8me : \u00abConcevoir un logo d&rsquo;appartenance au P\u00f4le Missionnaire de Meaux \u00bb.<br \/>\nLe concours est ouvert \u00e0 partir du 1er juin. Les r\u00e9alisations seront envoy\u00e9es au cur\u00e9 de p\u00f4le, avant le 5 septembre 2009 :  (d\u00e9lai initial prolong\u00e9)<\/p>\n<p>P\u00e8re Philippe Legrand<br \/>\n4, place Henri IV<br \/>\n77100   Meaux<\/p>\n<p>Conditions :<br \/>\nPersonne r\u00e9sidant dans l&rsquo;un des 12 secteurs paroissiaux du P\u00f4le Missionnaire de Meaux : Cr\u00e9cy, Esbly, Meaux, Trilport, Nanteuil, Villenoy, Maisoncelles, Villemareuil, Bouleurs, Cr\u00e9gy-les-Meaux, Vareddes, Quincy.<br \/>\n<\/p>\n<p>Aspects pratiques du logo:<\/p>\n<p>&#8211; Il doit \u00eatre unique, et non sujet \u00e0 confusion avec d&rsquo;autres logos.<\/p>\n<p>&#8211; Il doit repr\u00e9senter l&rsquo;identit\u00e9 du p\u00f4le.<\/p>\n<p>&#8211; Il doit repr\u00e9senter en m\u00eame temps, la diversit\u00e9 du p\u00f4le (rural, urbain).  il faut se \u00ab reconna \u00eetre \u00bb dans le logo.<\/p>\n<p>&#8211; Il doit traduire la phrase d&rsquo;envoi par l&rsquo;Ev\u00eaque \u00e0 Trinit\u00e9 2008 : \u00ab Que la lumi\u00e8re du Christ r\u00e9side en abondance aupr\u00e8s de vous \u00bb.<\/p>\n<p>&#8211; Il doit donner une image de marque jeune, dynamique, gaie.<\/p>\n<p>&#8211; Le groupe de mots : P\u00f4le Missionnaire de Meaux doit appara \u00eetre dans le logo.<\/p>\n<p>&#8211; Il doit rester efficace reproduit en grand ou en petit.<\/p>\n<p>&#8211; Il doit fonctionner en couleurs, mais aussi en bichromie (noir et blanc).<\/p>\n<p>&#8211; On pourra utiliser les principes de base du design (espace, couleur, forme, consistance, et clart\u00e9).<\/p>\n<p>&#8211; Le logo ne sera ni utilis\u00e9 ni d\u00e9tourn\u00e9 pour aucune oeuvre qui pourrait \u00eatre sujette \u00e0 des droits (de cr\u00e9ation ou de reproduction).<\/p>\n<p>&#8211; Les logos pr\u00e9sent\u00e9s lors du concours et notamment celui retenu deviendront propri\u00e9t\u00e9 exclusive du P\u00f4le missionnaire qui pourra les utiliser dans leurs formes, les auteurs en abandonnant tous droits.<\/p>\n<p>Contact : joel.lahaille@gmail.com<br \/>\nT\u00e9l :01 64 63 08 04\n<\/p><\/div>\n<\/td>\n<\/tr>\n<\/tbody>\n<\/table>\n","protected":false},"excerpt":{"rendered":"<p>Le P\u00f4le Missionnaire de Meaux lance un concours ouvert \u00e0\u00a0 tous pour concevoir le futur logo du P\u00f4le. Les r\u00e9alisations devront \u00eatre envoy\u00e9es au cur\u00e9 de P\u00f4le, avant le 5 septembre 2009. Tout sur&#46;&#46;&#46;<\/p>\n","protected":false},"author":2,"featured_media":0,"comment_status":"open","ping_status":"open","sticky":false,"template":"","format":"standard","meta":{"footnotes":""},"categories":[],"tags":[],"class_list":["post-137","post","type-post","status-publish","format-standard","hentry"],"_links":{"self":[{"href":"http:\/\/www.chapelle-crecy.com\/index.php?rest_route=\/wp\/v2\/posts\/137","targetHints":{"allow":["GET"]}}],"collection":[{"href":"http:\/\/www.chapelle-crecy.com\/index.php?rest_route=\/wp\/v2\/posts"}],"about":[{"href":"http:\/\/www.chapelle-crecy.com\/index.php?rest_route=\/wp\/v2\/types\/post"}],"author":[{"embeddable":true,"href":"http:\/\/www.chapelle-crecy.com\/index.php?rest_route=\/wp\/v2\/users\/2"}],"replies":[{"embeddable":true,"href":"http:\/\/www.chapelle-crecy.com\/index.php?rest_route=%2Fwp%2Fv2%2Fcomments&post=137"}],"version-history":[{"count":0,"href":"http:\/\/www.chapelle-crecy.com\/index.php?rest_route=\/wp\/v2\/posts\/137\/revisions"}],"wp:attachment":[{"href":"http:\/\/www.chapelle-crecy.com\/index.php?rest_route=%2Fwp%2Fv2%2Fmedia&parent=137"}],"wp:term":[{"taxonomy":"category","embeddable":true,"href":"http:\/\/www.chapelle-crecy.com\/index.php?rest_route=%2Fwp%2Fv2%2Fcategories&post=137"},{"taxonomy":"post_tag","embeddable":true,"href":"http:\/\/www.chapelle-crecy.com\/index.php?rest_route=%2Fwp%2Fv2%2Ftags&post=137"}],"curies":[{"name":"wp","href":"https:\/\/api.w.org\/{rel}","templated":true}]}}