{"id":1370,"date":"2021-11-21T20:50:19","date_gmt":"2021-11-21T20:50:19","guid":{"rendered":""},"modified":"-0001-11-30T00:00:00","modified_gmt":"-0001-11-29T22:00:00","slug":"","status":"publish","type":"post","link":"http:\/\/www.chapelle-crecy.com\/?p=1370","title":{"rendered":"Annonces du 22 au 5 d\u00e9cembre 2021"},"content":{"rendered":"<div align=\"justify\">Voici les annonces de la p\u00e9riode du lundi 22 au dimanche 5 d\u00e9cembre 2021 pour la paroisse des 3 clochers Cr\u00e9cy-la-Chapelle, Villiers-sur-Morin, Voulangis. <\/p>\n<p>Samedi 27 novembre \u00e0\u00a0 18 h 30, Messe \u00e0\u00a0 Voulangis.<br \/>\nDimanche 28 novembre \u00e0\u00a0 10 h, Messe \u00e0\u00a0 Cr\u00e9cy.<br \/>\nSamedi 4 d\u00e9cembre \u00e0\u00a0 18 h 30, Messe \u00e0\u00a0 Voulangis.<br \/>\nDimanche 5 d\u00e9cembre \u00e0\u00a0 10 h, Messe \u00e0\u00a0 Cr\u00e9cy.<br \/>\nTous les d\u00e9tails, avec notamment la feuille paroissiale en pi\u00e8ce jointe, dans la suite &#8230;\n<\/div>\n<div align=\"center\">\n<table bgcolor =\"F0F6FF\" border=0>\n<tbody>\n<tr>\n<td width=400><font color=\"00A0B0\"><\/p>\n<div align=\"center\">\n<b>Lundi 22 novembre<\/b><br \/>\n15 h &#8211; \u00e0 Voulangis, Obs\u00e8ques de Madeleine CLUIS.<\/p>\n<p><b>Mercredi 24 novembre<\/b><br \/>\n17 h 30 &#8211; r\u00e9union des diffuseurs de l&rsquo;Echo de la Vall\u00e9e, \u00e0 la salle paroissiale de Cr\u00e9cy suivie d&rsquo;un repas partag\u00e9 tir\u00e9 du sac.<\/p>\n<p><b>Jeudi 25 novembre<\/b><br \/>\n<i>Sainte Catherine d&rsquo;Alexandrie<\/i><br \/>\n9 h &#8211; messe \u00e0 Cr\u00e9cy.<\/p>\n<p><b>Samedi 27 novembre<\/b><br \/>\n18 h 30 &#8211; Messe \u00e0 Voulangis.<br \/>\nNous prions  pour Madeleine CLUIS inhum\u00e9e cette semaine.<\/p>\n<p><b>Dimanche 28 novembre<\/b><br \/>\n<i>1er dimanche de l&rsquo;AVENT<\/i><br \/>\n10  h &#8211; Messe en famille \u00e0 Cr\u00e9cy .<br \/>\n15 h 30 &#8211; A la cath\u00e9drale de Meaux, ordination \u00e9piscopale de Mgr Guillaume de Lisle.<\/p>\n<p>Samedi 27 et dimanche 28 : QUETE SPECIALE pour les CHANTIERS DU CARDINAL et VENTE des COURONNES DE L&rsquo;AVENT pour les jeunes de l&rsquo;Aumonerie participant au FRAT.<\/p>\n<p><b>Jeudi 2 d\u00e9cembre<\/b><br \/>\n9 h &#8211; messe \u00e0 Cr\u00e9cy.<\/p>\n<p><b>Samedi 4 d\u00e9cembre<\/b><br \/>\n17 h &#8211; R\u00e9union du Groupe de Pri\u00e8re \u00e0 Voulangis.<br \/>\n18 h 30 &#8211; Messe \u00e0 Voulangis pour Henri MOREL.<\/p>\n<p><b>Dimanche 5 d\u00e9cembre<\/b><br \/>\n<i>2\u00e8me dimanche de l&rsquo;AVENT<\/i><br \/>\n10  h &#8211; Messe \u00e0 Cr\u00e9cy pour Jean et Simone BLAVIER\n<\/div>\n<p><\/font><\/td>\n<td><font color=\"A0A000\"><\/p>\n<div align=\"center\">\n<img decoding=\"async\" src=\"\/IMG\/personnes\/catherine_alexandrie.jpg\" width=300><br \/>Sainte Catherine d&rsquo;Alexandrie\n<\/div>\n<p><\/font><\/td>\n<\/tr>\n<\/tbody>\n<\/table>\n<\/div>\n","protected":false},"excerpt":{"rendered":"<p>Voici les annonces de la p\u00e9riode du lundi 22 au dimanche 5 d\u00e9cembre 2021 pour la paroisse des 3 clochers Cr\u00e9cy-la-Chapelle, Villiers-sur-Morin, Voulangis. Samedi 27 novembre \u00e0\u00a0 18 h 30, Messe \u00e0\u00a0 Voulangis. Dimanche&#46;&#46;&#46;<\/p>\n","protected":false},"author":2,"featured_media":0,"comment_status":"open","ping_status":"open","sticky":false,"template":"","format":"standard","meta":{"footnotes":""},"categories":[],"tags":[],"class_list":["post-1370","post","type-post","status-publish","format-standard","hentry"],"_links":{"self":[{"href":"http:\/\/www.chapelle-crecy.com\/index.php?rest_route=\/wp\/v2\/posts\/1370","targetHints":{"allow":["GET"]}}],"collection":[{"href":"http:\/\/www.chapelle-crecy.com\/index.php?rest_route=\/wp\/v2\/posts"}],"about":[{"href":"http:\/\/www.chapelle-crecy.com\/index.php?rest_route=\/wp\/v2\/types\/post"}],"author":[{"embeddable":true,"href":"http:\/\/www.chapelle-crecy.com\/index.php?rest_route=\/wp\/v2\/users\/2"}],"replies":[{"embeddable":true,"href":"http:\/\/www.chapelle-crecy.com\/index.php?rest_route=%2Fwp%2Fv2%2Fcomments&post=1370"}],"version-history":[{"count":0,"href":"http:\/\/www.chapelle-crecy.com\/index.php?rest_route=\/wp\/v2\/posts\/1370\/revisions"}],"wp:attachment":[{"href":"http:\/\/www.chapelle-crecy.com\/index.php?rest_route=%2Fwp%2Fv2%2Fmedia&parent=1370"}],"wp:term":[{"taxonomy":"category","embeddable":true,"href":"http:\/\/www.chapelle-crecy.com\/index.php?rest_route=%2Fwp%2Fv2%2Fcategories&post=1370"},{"taxonomy":"post_tag","embeddable":true,"href":"http:\/\/www.chapelle-crecy.com\/index.php?rest_route=%2Fwp%2Fv2%2Ftags&post=1370"}],"curies":[{"name":"wp","href":"https:\/\/api.w.org\/{rel}","templated":true}]}}