{"id":1371,"date":"2021-11-22T09:45:41","date_gmt":"2021-11-22T09:45:41","guid":{"rendered":""},"modified":"-0001-11-30T00:00:00","modified_gmt":"-0001-11-29T22:00:00","slug":"","status":"publish","type":"post","link":"http:\/\/www.chapelle-crecy.com\/?p=1371","title":{"rendered":"Accueil des reliques de Sainte Th\u00e9r\u00e8se le 14 juin 2022 \u00e0\u00a0 la Coll\u00e9giale de Cr\u00e9cy-la-Chapelle"},"content":{"rendered":"<div align=\"justify\">Les reliques de Sainte Th\u00e9r\u00e8se parcourront le dioc\u00e8se de Seine-et-Marne en mai-juin 2022 et s&rsquo;arr\u00eateront en la Coll\u00e9giale Notre-Dame de l&rsquo;Assomption de Cr\u00e9cy-la-Chapelle, le 14 juin 2022. Pour se pr\u00e9parer \u00e0\u00a0 l&rsquo;\u00e9v\u00e8nement voici une r\u00e9flexion sur la saintet\u00e9 du fr\u00e8re Yannick, Carm\u00e9lite \u00e0\u00a0 Avon<\/div>\n<div align=\"justify\">\n La saintet\u00e9 n&rsquo;est pas le fruit de nos efforts humains, mais en tout premier lieu, l&rsquo;accueil de l&rsquo;Amour de Dieu en nos coeurs. Dieu est Saint, Dieu est Amour.<br \/>\nPour s&rsquo;ouvrir \u00e0 la saintet\u00e9, il nous faut alors apprendre \u00e0 nous laisser aimer gratuitement par Dieu, voil\u00e0 le difficile. Car c&rsquo;est alors son amour en nos coeurs qui rendra notre vie sainte.<\/p>\n<p> Ce ne sont pas nos oeuvres qui font de nous des saints, mais l&rsquo;ouverture progressive de nos coeurs \u00e0 son Amour car en cette mati\u00e8re nous ne pouvons donner que ce que nous avons re\u00e7u. La saintet\u00e9, puisque Dieu est amour, est la transformation que cet amour suscite en nos coeurs, puis la fa\u00e7on dont chacun sera amen\u00e9 \u00e0 incarner cet amour selon les dons qu&rsquo;il a re\u00e7u.<\/p>\n<p> C&rsquo;est ce que Th\u00e9r\u00e8se a v\u00e9cu lors de sa gr\u00e2ce de No\u00ebl 1886, de sa conversion comme elle l&rsquo;\u00e9crit, lorsque l&rsquo;Amour de Dieu est entr\u00e9 dans son coeur. C&rsquo;est cela qui a fait de Th\u00e9r\u00e8se cette g\u00e9ante spirituelle.<\/p>\n<div align=\"center\">\u00ab\u00a0Mais Dieu, qui est riche en mis\u00e9ricorde, \u00e0 cause du grand amour dont Il nous a aim\u00e9s, alors que nous \u00e9tions morts par suite de nos fautes, nous a fait revivre avec le Christ &#8211; c&rsquo;est bien par gr\u00e2ce que vous \u00eates sauv\u00e9s ! Car c&rsquo;est bien par la gr\u00e2ce que vous \u00eates sauv\u00e9s, moyennant la foi. Ce salut ne vient pas de vous, il est un don de Dieu ; il ne vient pas des oeuvres, car nul ne doit pouvoir se glorifier.\u00a0\u00bb<\/p>\n<p> (Saint Paul aux Eph\u00e9siens Chapitre 2 versets 4,5,8 et 9)\n<\/p><\/div>\n<p> Ce que nous c\u00e9l\u00e9brons lorsque nous accueillons les reliques de Th\u00e9r\u00e8se, c&rsquo;est l&rsquo;oeuvre de Dieu en elle. Avec les reliques c&rsquo;est Th\u00e9r\u00e8se que nous accueillons et avec elle nous rendons gr\u00e2ce \u00e0 Dieu.\n<\/p><\/div>\n","protected":false},"excerpt":{"rendered":"<p>Les reliques de Sainte Th\u00e9r\u00e8se parcourront le dioc\u00e8se de Seine-et-Marne en mai-juin 2022 et s&rsquo;arr\u00eateront en la Coll\u00e9giale Notre-Dame de l&rsquo;Assomption de Cr\u00e9cy-la-Chapelle, le 14 juin 2022. Pour se pr\u00e9parer \u00e0\u00a0 l&rsquo;\u00e9v\u00e8nement voici une&#46;&#46;&#46;<\/p>\n","protected":false},"author":2,"featured_media":0,"comment_status":"open","ping_status":"open","sticky":false,"template":"","format":"standard","meta":{"footnotes":""},"categories":[],"tags":[],"class_list":["post-1371","post","type-post","status-publish","format-standard","hentry"],"_links":{"self":[{"href":"http:\/\/www.chapelle-crecy.com\/index.php?rest_route=\/wp\/v2\/posts\/1371","targetHints":{"allow":["GET"]}}],"collection":[{"href":"http:\/\/www.chapelle-crecy.com\/index.php?rest_route=\/wp\/v2\/posts"}],"about":[{"href":"http:\/\/www.chapelle-crecy.com\/index.php?rest_route=\/wp\/v2\/types\/post"}],"author":[{"embeddable":true,"href":"http:\/\/www.chapelle-crecy.com\/index.php?rest_route=\/wp\/v2\/users\/2"}],"replies":[{"embeddable":true,"href":"http:\/\/www.chapelle-crecy.com\/index.php?rest_route=%2Fwp%2Fv2%2Fcomments&post=1371"}],"version-history":[{"count":0,"href":"http:\/\/www.chapelle-crecy.com\/index.php?rest_route=\/wp\/v2\/posts\/1371\/revisions"}],"wp:attachment":[{"href":"http:\/\/www.chapelle-crecy.com\/index.php?rest_route=%2Fwp%2Fv2%2Fmedia&parent=1371"}],"wp:term":[{"taxonomy":"category","embeddable":true,"href":"http:\/\/www.chapelle-crecy.com\/index.php?rest_route=%2Fwp%2Fv2%2Fcategories&post=1371"},{"taxonomy":"post_tag","embeddable":true,"href":"http:\/\/www.chapelle-crecy.com\/index.php?rest_route=%2Fwp%2Fv2%2Ftags&post=1371"}],"curies":[{"name":"wp","href":"https:\/\/api.w.org\/{rel}","templated":true}]}}