{"id":1373,"date":"2021-11-27T20:12:34","date_gmt":"2021-11-27T20:12:34","guid":{"rendered":""},"modified":"-0001-11-30T00:00:00","modified_gmt":"-0001-11-29T22:00:00","slug":"","status":"publish","type":"post","link":"http:\/\/www.chapelle-crecy.com\/?p=1373","title":{"rendered":"Ordination de Monseigneur Guillaume de Lisle"},"content":{"rendered":"<div align=\"justify\">\n<div align=\"center\">\nLe pape Fran\u00e7ois a nomm\u00e9<br \/>\nMonseigneur Guillaume de Lisle \u00e9v\u00eaque auxiliaire de Meaux.<br \/>\nLa messe d&rsquo;ordination sera c\u00e9l\u00e9br\u00e9e ce <\/p>\n<p>dimanche 28 novembre 2021 \u00e0\u00a0 15h30 en la<\/p>\n<p>cath\u00e9drale-basilique Saint-\u00e9tienne de Meaux.<br \/>\n[Messe d&rsquo;ordination de Guillaume -> https:\/\/youtu.be\/t49q-XJ226Y]<br \/>\nLa messe est ouverte \u00e0\u00a0 tous et sera int\u00e9gralement retransmise sur la chaine Youtube du dioc\u00e8se et sur KTO TV. Elle peut-\u00eatre revue en replay.<\/p>\n<\/div>\n<\/div>\n","protected":false},"excerpt":{"rendered":"<p>Le pape Fran\u00e7ois a nomm\u00e9 Monseigneur Guillaume de Lisle \u00e9v\u00eaque auxiliaire de Meaux. La messe d&rsquo;ordination sera c\u00e9l\u00e9br\u00e9e ce dimanche 28 novembre 2021 \u00e0\u00a0 15h30 en la cath\u00e9drale-basilique Saint-\u00e9tienne de Meaux. [Messe d&rsquo;ordination de&#46;&#46;&#46;<\/p>\n","protected":false},"author":2,"featured_media":0,"comment_status":"open","ping_status":"open","sticky":false,"template":"","format":"standard","meta":{"footnotes":""},"categories":[],"tags":[],"class_list":["post-1373","post","type-post","status-publish","format-standard","hentry"],"_links":{"self":[{"href":"http:\/\/www.chapelle-crecy.com\/index.php?rest_route=\/wp\/v2\/posts\/1373","targetHints":{"allow":["GET"]}}],"collection":[{"href":"http:\/\/www.chapelle-crecy.com\/index.php?rest_route=\/wp\/v2\/posts"}],"about":[{"href":"http:\/\/www.chapelle-crecy.com\/index.php?rest_route=\/wp\/v2\/types\/post"}],"author":[{"embeddable":true,"href":"http:\/\/www.chapelle-crecy.com\/index.php?rest_route=\/wp\/v2\/users\/2"}],"replies":[{"embeddable":true,"href":"http:\/\/www.chapelle-crecy.com\/index.php?rest_route=%2Fwp%2Fv2%2Fcomments&post=1373"}],"version-history":[{"count":0,"href":"http:\/\/www.chapelle-crecy.com\/index.php?rest_route=\/wp\/v2\/posts\/1373\/revisions"}],"wp:attachment":[{"href":"http:\/\/www.chapelle-crecy.com\/index.php?rest_route=%2Fwp%2Fv2%2Fmedia&parent=1373"}],"wp:term":[{"taxonomy":"category","embeddable":true,"href":"http:\/\/www.chapelle-crecy.com\/index.php?rest_route=%2Fwp%2Fv2%2Fcategories&post=1373"},{"taxonomy":"post_tag","embeddable":true,"href":"http:\/\/www.chapelle-crecy.com\/index.php?rest_route=%2Fwp%2Fv2%2Ftags&post=1373"}],"curies":[{"name":"wp","href":"https:\/\/api.w.org\/{rel}","templated":true}]}}