{"id":1376,"date":"2021-12-11T13:58:26","date_gmt":"2021-12-11T13:58:26","guid":{"rendered":""},"modified":"-0001-11-30T00:00:00","modified_gmt":"-0001-11-29T22:00:00","slug":"","status":"publish","type":"post","link":"http:\/\/www.chapelle-crecy.com\/?p=1376","title":{"rendered":"Annonces du 11 au 19 d\u00e9cembre 2021"},"content":{"rendered":"<div align=\"justify\">Voici les annonces de la p\u00e9riode du samedi 11 au dimanche 19 d\u00e9cembre 2021 pour la paroisse des 3 clochers Cr\u00e9cy-la-Chapelle, Villiers-sur-Morin, Voulangis. <\/p>\n<p>Samedi 11 d\u00e9cembre \u00e0\u00a0 18 h 30, Messe \u00e0\u00a0 Voulangis.<br \/>\nDimanche 12 d\u00e9cembre \u00e0\u00a0 10 h, Messe \u00e0\u00a0 Cr\u00e9cy.<br \/>\nSamedi 18 d\u00e9cembre \u00e0\u00a0 18 h 30, Messe \u00e0\u00a0 Voulangis.<br \/>\nDimanche 19 d\u00e9cembre \u00e0\u00a0 10 h, Messe \u00e0\u00a0 Cr\u00e9cy.<\/p>\n<p>Tous les d\u00e9tails, avec notamment la feuille paroissiale en pi\u00e8ce jointe, dans la suite &#8230;\n<\/p><\/div>\n<div align=\"center\">\n<table bgcolor =\"F0F6FF\" border=0>\n<tbody>\n<tr>\n<td width=400><font color=\"00A0B0\"><\/p>\n<div align=\"center\">\n<b>Samedi 11 d\u00e9cembre<\/b><br \/>\n18 h 30 &#8211; Messe \u00e0 Voulangis pour Raymonde et Jean LEROUX.<\/p>\n<p><b>Dimanche 12 d\u00e9cembre<\/b><br \/>\n<i>3\u00e8me dimanche de l&rsquo;AVENT<\/i><br \/>\n10  h &#8211; Messe \u00e0 Cr\u00e9cy pour Flavien, Henriette et Imelda BOYER.<br \/>\nNous prions aussi pour Andr\u00e9 PANHARD.<\/p>\n<p>Vente  de bougies et d\u00e9corations de No\u00ebl pour le Secours Catholique \u00e0 la fin des messes de samedi et dimanche.<br \/>\n16 h  &#8211; \u00e0 Voulangis : Concert du PETIT CHOEUR DU GRAND MORIN.<br \/>\n<br \/>\n<b>Lundi 13 d\u00e9cembre<\/b><br \/>\n17 h &#8211; R\u00e9p\u00e9tition de chants \u00e0 Cr\u00e9cy.<\/p>\n<p><b>Jeudi 16 d\u00e9cembre<\/b><br \/>\n<i>Sainte Adela\u00efde<\/i><br \/>\n9 h &#8211; Messe \u00e0 Cr\u00e9cy pour Marc DAUZET.<\/p>\n<p><b>Vendredi 17 d\u00e9cembre<\/b><br \/>\nde 10h \u00e0 11h 30: Le P\u00e8re Michel HENRIE re\u00e7oit les paroissiens au presbyt\u00e8re.<br \/>\n20 h 30 &#8211; Confessions \u00e0 Cr\u00e9cy<\/p>\n<p><b>Samedi 18 d\u00e9cembre<\/b><br \/>\n18 h 30 &#8211; Messe \u00e0 Voulangis pour Michel ROUSSEL.<\/p>\n<p><b>Dimanche 19 d\u00e9cembre<\/b><br \/>\n<i>4\u00e8me dimanche de l&rsquo;AVENT<\/i><br \/>\n10  h &#8211; Messe \u00e0 Cr\u00e9cy pour les familles LOUIS et NOEL.\n<\/div>\n<p><\/font><\/td>\n<td><font color=\"A0A000\"><\/p>\n<div align=\"center\">\n<img decoding=\"async\" src=\"\/IMG\/personnes\/adelaide.jpg\" width=250><br \/>Sainte Adela\u00efde\n<\/div>\n<p><\/font><\/td>\n<\/tr>\n<\/tbody>\n<\/table>\n<\/div>\n","protected":false},"excerpt":{"rendered":"<p>Voici les annonces de la p\u00e9riode du samedi 11 au dimanche 19 d\u00e9cembre 2021 pour la paroisse des 3 clochers Cr\u00e9cy-la-Chapelle, Villiers-sur-Morin, Voulangis. Samedi 11 d\u00e9cembre \u00e0\u00a0 18 h 30, Messe \u00e0\u00a0 Voulangis. Dimanche&#46;&#46;&#46;<\/p>\n","protected":false},"author":2,"featured_media":0,"comment_status":"open","ping_status":"open","sticky":false,"template":"","format":"standard","meta":{"footnotes":""},"categories":[],"tags":[],"class_list":["post-1376","post","type-post","status-publish","format-standard","hentry"],"_links":{"self":[{"href":"http:\/\/www.chapelle-crecy.com\/index.php?rest_route=\/wp\/v2\/posts\/1376","targetHints":{"allow":["GET"]}}],"collection":[{"href":"http:\/\/www.chapelle-crecy.com\/index.php?rest_route=\/wp\/v2\/posts"}],"about":[{"href":"http:\/\/www.chapelle-crecy.com\/index.php?rest_route=\/wp\/v2\/types\/post"}],"author":[{"embeddable":true,"href":"http:\/\/www.chapelle-crecy.com\/index.php?rest_route=\/wp\/v2\/users\/2"}],"replies":[{"embeddable":true,"href":"http:\/\/www.chapelle-crecy.com\/index.php?rest_route=%2Fwp%2Fv2%2Fcomments&post=1376"}],"version-history":[{"count":0,"href":"http:\/\/www.chapelle-crecy.com\/index.php?rest_route=\/wp\/v2\/posts\/1376\/revisions"}],"wp:attachment":[{"href":"http:\/\/www.chapelle-crecy.com\/index.php?rest_route=%2Fwp%2Fv2%2Fmedia&parent=1376"}],"wp:term":[{"taxonomy":"category","embeddable":true,"href":"http:\/\/www.chapelle-crecy.com\/index.php?rest_route=%2Fwp%2Fv2%2Fcategories&post=1376"},{"taxonomy":"post_tag","embeddable":true,"href":"http:\/\/www.chapelle-crecy.com\/index.php?rest_route=%2Fwp%2Fv2%2Ftags&post=1376"}],"curies":[{"name":"wp","href":"https:\/\/api.w.org\/{rel}","templated":true}]}}