{"id":1378,"date":"2021-12-26T10:37:04","date_gmt":"2021-12-26T10:37:04","guid":{"rendered":""},"modified":"-0001-11-30T00:00:00","modified_gmt":"-0001-11-29T22:00:00","slug":"","status":"publish","type":"post","link":"http:\/\/www.chapelle-crecy.com\/?p=1378","title":{"rendered":"Annonces du 25 d\u00e9cembre au 2 janvier 2022"},"content":{"rendered":"<div align=\"justify\">Voici les annonces de la p\u00e9riode du samedi 25 d\u00e9cembre au dimanche 2 janvier 2022 pour la paroisse des 3 clochers Cr\u00e9cy-la-Chapelle, Villiers-sur-Morin, Voulangis. <\/p>\n<p>Samedi 25 d\u00e9cembre \u00e0\u00a0 10 h, Messe \u00e0\u00a0 Villiers.<br \/>\nDimanche 26 d\u00e9cembre \u00e0\u00a0 10 h, Messe \u00e0\u00a0 Cr\u00e9cy.<br \/>\nSamedi 1er janvier \u00e0\u00a0 18 h 30, Messe \u00e0\u00a0 Voulangis.<br \/>\nDimanche 2 janvier \u00e0\u00a0 10 h, Messe \u00e0\u00a0 Cr\u00e9cy.<br \/>Tous les d\u00e9tails dans la suite &#8230;\n<\/div>\n<div align=\"center\">\n<table bgcolor =\"F0F6FF\" border=0>\n<tbody>\n<tr>\n<td width=400><font color=\"00A0B0\"><\/p>\n<div align=\"center\">\n<b>Samedi 25 d\u00e9cembre<\/b><br \/>\n10 h &#8211; Messe du JOUR DE NOEL  \u00e0 VILLIERS.<\/p>\n<p><b>Dimanche 26 d\u00e9cembre<\/b><br \/>\n10  h &#8211; Messe de la Sainte Famille \u00e0 Cr\u00e9cy. Nous prierons pour la  famille JASKOWIAK.<\/p>\n<p><b>Mardi 28 d\u00e9cembre<\/b><br \/>\n10 h30 &#8211; Obs\u00e8ques d&rsquo;Edina PICCINATO \u00e0 Cr\u00e9cy.<\/p>\n<p><b>Jeudi  30 d\u00e9cembre<\/b><br \/>\n9 h &#8211; Messe \u00e0 Cr\u00e9cy <\/p>\n<p><b>Samedi 1er janvier 2022<\/b><br \/>\n<i> Sainte Marie, M\u00e8re de Dieu<\/i><br \/>\n9 h &#8211; Messe \u00e0 Cr\u00e9cy.<br \/>\n18 h 30  &#8211; Messe \u00e0 Voulangis pour Roland MARTIN inhum\u00e9 \u00e0 Voulangis le 20 d\u00e9cembre..<\/p>\n<p><b>Dimanche 2 janvier<\/b><br \/>\n10 h &#8211; \u00e0 Cr\u00e9cy.  Messe  pour la famille MACQUART.<br \/>\nNous prions \u00e9galement pour Edina PICCINATO inhum\u00e9e cette semaine.\n<\/div>\n<p><\/font><\/td>\n<td><font color=\"A0A000\"><\/p>\n<div align=\"center\"><img decoding=\"async\" src=\"\/IMG\/gif\/noel_nativite008.gif\" width=200><br \/><img decoding=\"async\" src=\"\/IMG\/gif\/noel_nativite019.gif\" width=200><\/div>\n<p><\/font><\/td>\n<\/tr>\n<\/tbody>\n<\/table>\n<\/div>\n","protected":false},"excerpt":{"rendered":"<p>Voici les annonces de la p\u00e9riode du samedi 25 d\u00e9cembre au dimanche 2 janvier 2022 pour la paroisse des 3 clochers Cr\u00e9cy-la-Chapelle, Villiers-sur-Morin, Voulangis. Samedi 25 d\u00e9cembre \u00e0\u00a0 10 h, Messe \u00e0\u00a0 Villiers. Dimanche&#46;&#46;&#46;<\/p>\n","protected":false},"author":2,"featured_media":0,"comment_status":"open","ping_status":"open","sticky":false,"template":"","format":"standard","meta":{"footnotes":""},"categories":[],"tags":[],"class_list":["post-1378","post","type-post","status-publish","format-standard","hentry"],"_links":{"self":[{"href":"http:\/\/www.chapelle-crecy.com\/index.php?rest_route=\/wp\/v2\/posts\/1378","targetHints":{"allow":["GET"]}}],"collection":[{"href":"http:\/\/www.chapelle-crecy.com\/index.php?rest_route=\/wp\/v2\/posts"}],"about":[{"href":"http:\/\/www.chapelle-crecy.com\/index.php?rest_route=\/wp\/v2\/types\/post"}],"author":[{"embeddable":true,"href":"http:\/\/www.chapelle-crecy.com\/index.php?rest_route=\/wp\/v2\/users\/2"}],"replies":[{"embeddable":true,"href":"http:\/\/www.chapelle-crecy.com\/index.php?rest_route=%2Fwp%2Fv2%2Fcomments&post=1378"}],"version-history":[{"count":0,"href":"http:\/\/www.chapelle-crecy.com\/index.php?rest_route=\/wp\/v2\/posts\/1378\/revisions"}],"wp:attachment":[{"href":"http:\/\/www.chapelle-crecy.com\/index.php?rest_route=%2Fwp%2Fv2%2Fmedia&parent=1378"}],"wp:term":[{"taxonomy":"category","embeddable":true,"href":"http:\/\/www.chapelle-crecy.com\/index.php?rest_route=%2Fwp%2Fv2%2Fcategories&post=1378"},{"taxonomy":"post_tag","embeddable":true,"href":"http:\/\/www.chapelle-crecy.com\/index.php?rest_route=%2Fwp%2Fv2%2Ftags&post=1378"}],"curies":[{"name":"wp","href":"https:\/\/api.w.org\/{rel}","templated":true}]}}