{"id":1379,"date":"2022-01-01T11:11:31","date_gmt":"2022-01-01T11:11:31","guid":{"rendered":""},"modified":"-0001-11-30T00:00:00","modified_gmt":"-0001-11-29T22:00:00","slug":"","status":"publish","type":"post","link":"http:\/\/www.chapelle-crecy.com\/?p=1379","title":{"rendered":"Annonces du 1er au 9 janvier 2022"},"content":{"rendered":"<div align=\"justify\">Voici les annonces de la p\u00e9riode du samedi 1er au dimanche 2 janvier 2022 pour la paroisse des 3 clochers Cr\u00e9cy-la-Chapelle, Villiers-sur-Morin, Voulangis. <\/p>\n<p>Samedi 1er janvier \u00e0\u00a0 18 h 30, Messe \u00e0\u00a0 Voulangis.<br \/>\nDimanche 2 janvier \u00e0\u00a0 10 h, Messe \u00e0\u00a0 Cr\u00e9cy.<br \/>\nSamedi 8 janvier \u00e0\u00a0 18 h 30, Messe \u00e0\u00a0 Voulangis.<br \/>\nDimanche 9 janvier \u00e0\u00a0 10 h, Messe \u00e0\u00a0 Cr\u00e9cy.<br \/>\nTous les d\u00e9tails dans la suite &#8230;\n<\/div>\n<div align=\"center\">\n<table bgcolor =\"F0F6FF\" border=0>\n<tbody>\n<tr>\n<td width=400><font color=\"00A0B0\"><\/p>\n<div align=\"center\">\n<b>Samedi 1er janvier 2022<\/b><br \/>\n<i> Sainte Marie, M\u00e8re de Dieu<\/i><br \/>\n9 h &#8211; Messe \u00e0 Cr\u00e9cy.<br \/>\n18 h 30  &#8211; Messe \u00e0 Voulangis pour Roland MARTIN inhum\u00e9 \u00e0 Voulangis le 20 d\u00e9cembre..<\/p>\n<p><b>Dimanche 2 janvier<\/b><br \/>\n10 h &#8211; \u00e0 Cr\u00e9cy.  Messe  pour la famille MACQUART.<br \/>\nNous prions \u00e9galement pour Edina PICCINATO inhum\u00e9e semaine derni\u00e8re.<\/p>\n<p><b>Jeudi 6 janvier<\/b><br \/>\n9 h &#8211; Messe \u00e0 Cr\u00e9cy pour Andr\u00e9 PANHARD.<\/p>\n<p><b>Vendredi 7 janvier<\/b><br \/>\n9 h &#8211; Messe \u00e0 Cr\u00e9cy, suivie d&rsquo;un TEMPS D&rsquo;ADORATION puis de la pr\u00e9sence du P\u00e8re Michel  au presbyt\u00e8re.<\/p>\n<p><b>Samedi 8 janvier<\/b><br \/>\n17 h &#8211; groupe de Pri\u00e8re \u00e0 Voulangis.<br \/>\n18 h 30  &#8211; Messe \u00e0 Voulangis pour Marcel et Georgette DEDIEU.<\/p>\n<p><b>Dimanche  9 janvier<\/b><br \/>\n10 h &#8211; \u00e0 Cr\u00e9cy.  Messe  Ren\u00e9e HENQUIN et Suzanne LELARD.\n<\/div>\n<p><\/font><\/td>\n<td><font color=\"A0A000\"><\/p>\n<div align=\"center\"><img decoding=\"async\" src=\"\/IMG\/gif\/roismages.gif\" width=200><\/div>\n<p><\/font><\/td>\n<\/tr>\n<\/tbody>\n<\/table>\n<\/div>\n","protected":false},"excerpt":{"rendered":"<p>Voici les annonces de la p\u00e9riode du samedi 1er au dimanche 2 janvier 2022 pour la paroisse des 3 clochers Cr\u00e9cy-la-Chapelle, Villiers-sur-Morin, Voulangis. Samedi 1er janvier \u00e0\u00a0 18 h 30, Messe \u00e0\u00a0 Voulangis. Dimanche&#46;&#46;&#46;<\/p>\n","protected":false},"author":2,"featured_media":0,"comment_status":"open","ping_status":"open","sticky":false,"template":"","format":"standard","meta":{"footnotes":""},"categories":[],"tags":[],"class_list":["post-1379","post","type-post","status-publish","format-standard","hentry"],"_links":{"self":[{"href":"http:\/\/www.chapelle-crecy.com\/index.php?rest_route=\/wp\/v2\/posts\/1379","targetHints":{"allow":["GET"]}}],"collection":[{"href":"http:\/\/www.chapelle-crecy.com\/index.php?rest_route=\/wp\/v2\/posts"}],"about":[{"href":"http:\/\/www.chapelle-crecy.com\/index.php?rest_route=\/wp\/v2\/types\/post"}],"author":[{"embeddable":true,"href":"http:\/\/www.chapelle-crecy.com\/index.php?rest_route=\/wp\/v2\/users\/2"}],"replies":[{"embeddable":true,"href":"http:\/\/www.chapelle-crecy.com\/index.php?rest_route=%2Fwp%2Fv2%2Fcomments&post=1379"}],"version-history":[{"count":0,"href":"http:\/\/www.chapelle-crecy.com\/index.php?rest_route=\/wp\/v2\/posts\/1379\/revisions"}],"wp:attachment":[{"href":"http:\/\/www.chapelle-crecy.com\/index.php?rest_route=%2Fwp%2Fv2%2Fmedia&parent=1379"}],"wp:term":[{"taxonomy":"category","embeddable":true,"href":"http:\/\/www.chapelle-crecy.com\/index.php?rest_route=%2Fwp%2Fv2%2Fcategories&post=1379"},{"taxonomy":"post_tag","embeddable":true,"href":"http:\/\/www.chapelle-crecy.com\/index.php?rest_route=%2Fwp%2Fv2%2Ftags&post=1379"}],"curies":[{"name":"wp","href":"https:\/\/api.w.org\/{rel}","templated":true}]}}