{"id":138,"date":"2009-06-13T17:32:06","date_gmt":"2009-06-13T17:32:06","guid":{"rendered":""},"modified":"-0001-11-30T00:00:00","modified_gmt":"-0001-11-29T22:00:00","slug":"","status":"publish","type":"post","link":"http:\/\/www.chapelle-crecy.com\/?p=138","title":{"rendered":"Annonces de la semaine du 15 au 21 juin 2009"},"content":{"rendered":"<table bgcolor =\"F0FAFF\" border=0>\n<tbody>\n<tr>\n<td>\n<div align=\"justify\">\n<div \"50\">Voici les annonces de la semaine du lundi 15 au dimanche 21 juin 2009  pour la paroisse des 3 clochers Cr\u00e9cy-la-Chapelle, Villiers-sur-Morin, Voulangis.<\/div>\n<\/div>\n<\/td>\n<\/tr>\n<\/tbody>\n<\/table>\n<table bgcolor =\"F0FAFF\" border=1>\n<tbody>\n<tr>\n<td width=120><font color=\"0020FF\">Lundi 15 juin<\/font><\/td>\n<td><font color=\"0020FF\">9 h &#8211; Messe \u00e0 cr\u00e9cy pour Micheline et frank ANDSELL<br \/>14 h 30 &#8211; R\u00e9union de l&rsquo;\u00e9quipe du Rosaire chez Madame ADAM<br \/>20 h 30 &#8211; R\u00e9union des animateurs d&rsquo;aum\u00f4nerie du p\u00f4le des Meaux<\/font><\/td>\n<\/tr>\n<tr>\n<td width=120><font color=\"0020FF\">Mardi 16 juin<\/font><\/td>\n<td><font color=\"0020FF\">17 h &#8211; Messe \u00e0 la Maison de Retraite pour Jean DESLANDES<\/font><\/td>\n<\/tr>\n<tr>\n<td><font color=\"0020FF\">Mercredi 17 juin<\/font><\/td>\n<td><font color=\"0020FF\">9 h &#8211;  Messe \u00e0 Cr\u00e9cy pour  la famille LEBEL<\/font><\/td>\n<\/tr>\n<tr>\n<td><font color=\"0020FF\">Jeudi 18 juin<\/font><\/td>\n<td><font color=\"0020FF\">20 h 30 &#8211; R\u00e9union des \u00e9quipes de pr\u00e9paration du p\u00f4le \u00e0 la salle Sainte-C\u00e9line \u00e0 Meaux.<br \/>\n<\/font><\/td>\n<\/tr>\n<tr>\n<td><font color=\"0020FF\">Vendredi 19 juin<br \/>Solennit\u00e9 du Sacr\u00e9 Coeur de J\u00e9sus<\/font><\/td>\n<td><font color=\"0020FF\">17 h &#8211; Messe \u00e0 Cr\u00e9cy pour Sylvie PASCAL.<br \/>19 h 30 &#8211; \u00e0 Cr\u00e9cy r\u00e9union de pr\u00e9paration au mariage \u00e0 la salle paroissiale.<\/font><\/td>\n<\/tr>\n<tr>\n<td><font color=\"0020FF\">Samedi 20 juin<\/font><\/td>\n<td><font color=\"0020FF\">10 h 30 &#8211; A Cr\u00e9cy, Bapt\u00eame de Cl\u00e9mence COTTEREAU.<br \/>14 h &#8211; \u00e0 Villiers, Bapt\u00eame de Math\u00e9o FORTIN et Sol\u00e8ne CHOGOLOU.<br \/>16 h 30 &#8211; Mariage \u00e0 Villiers de Cyril LE GUEUT et Carole BAUDIMENT.<br \/><b><br \/>\nIl n&rsquo;y aura pas de messe ce samedi<\/b> : nous sommes tous invit\u00e9s \u00e0 la Messe d&rsquo;action de gr\u00e2ces le dimanche 21 \u00e0 la coll\u00e9giale.<\/font><\/td>\n<\/tr>\n<tr>\n<td><font color=\"0020FF\">Dimanche 21 juin<\/font><\/td>\n<td><font color=\"0020FF\">10 h 30 &#8211;  A la Coll\u00e9giale Messe d&rsquo;action de gr\u00e2ces pour  les ann\u00e9es de pr\u00e9sence dans  notre paroisse, du  P\u00e8re Guillaume qui va bient\u00f4t nous quitter. Elle sera c\u00e9l\u00e9br\u00e9e avec une intention particuli\u00e8re pour Casimiro CEGLIE.<\/font><\/td>\n<\/tr>\n<\/tbody>\n<\/table>\n","protected":false},"excerpt":{"rendered":"<p>Voici les annonces de la semaine du lundi 15 au dimanche 21 juin 2009 pour la paroisse des 3 clochers Cr\u00e9cy-la-Chapelle, Villiers-sur-Morin, Voulangis. Lundi 15 juin 9 h &#8211; Messe \u00e0 cr\u00e9cy pour Micheline&#46;&#46;&#46;<\/p>\n","protected":false},"author":2,"featured_media":0,"comment_status":"open","ping_status":"open","sticky":false,"template":"","format":"standard","meta":{"footnotes":""},"categories":[],"tags":[],"class_list":["post-138","post","type-post","status-publish","format-standard","hentry"],"_links":{"self":[{"href":"http:\/\/www.chapelle-crecy.com\/index.php?rest_route=\/wp\/v2\/posts\/138","targetHints":{"allow":["GET"]}}],"collection":[{"href":"http:\/\/www.chapelle-crecy.com\/index.php?rest_route=\/wp\/v2\/posts"}],"about":[{"href":"http:\/\/www.chapelle-crecy.com\/index.php?rest_route=\/wp\/v2\/types\/post"}],"author":[{"embeddable":true,"href":"http:\/\/www.chapelle-crecy.com\/index.php?rest_route=\/wp\/v2\/users\/2"}],"replies":[{"embeddable":true,"href":"http:\/\/www.chapelle-crecy.com\/index.php?rest_route=%2Fwp%2Fv2%2Fcomments&post=138"}],"version-history":[{"count":0,"href":"http:\/\/www.chapelle-crecy.com\/index.php?rest_route=\/wp\/v2\/posts\/138\/revisions"}],"wp:attachment":[{"href":"http:\/\/www.chapelle-crecy.com\/index.php?rest_route=%2Fwp%2Fv2%2Fmedia&parent=138"}],"wp:term":[{"taxonomy":"category","embeddable":true,"href":"http:\/\/www.chapelle-crecy.com\/index.php?rest_route=%2Fwp%2Fv2%2Fcategories&post=138"},{"taxonomy":"post_tag","embeddable":true,"href":"http:\/\/www.chapelle-crecy.com\/index.php?rest_route=%2Fwp%2Fv2%2Ftags&post=138"}],"curies":[{"name":"wp","href":"https:\/\/api.w.org\/{rel}","templated":true}]}}