{"id":1380,"date":"2022-01-08T13:39:14","date_gmt":"2022-01-08T13:39:14","guid":{"rendered":""},"modified":"-0001-11-30T00:00:00","modified_gmt":"-0001-11-29T22:00:00","slug":"","status":"publish","type":"post","link":"http:\/\/www.chapelle-crecy.com\/?p=1380","title":{"rendered":"Annonces du 8 au 16 janvier 2022"},"content":{"rendered":"<div align=\"justify\">Voici les annonces de la p\u00e9riode du samedi 8 au dimanche 16 janvier 2022 pour la paroisse des 3 clochers Cr\u00e9cy-la-Chapelle, Villiers-sur-Morin, Voulangis. <\/p>\n<p>Samedi 8 janvier \u00e0\u00a0 18 h 30, Messe \u00e0\u00a0 Voulangis.<br \/>\nDimanche 9 janvier \u00e0\u00a0 10 h, Messe \u00e0\u00a0 Cr\u00e9cy.<br \/>\nSamedi 15 janvier \u00e0\u00a0 18 h 30, Messe \u00e0\u00a0 Voulangis.<br \/>\nDimanche 16 janvier \u00e0\u00a0 10 h, Messe \u00e0\u00a0 Cr\u00e9cy.<br \/>\nTous les d\u00e9tails dans la suite &#8230;\n<\/div>\n<div align=\"center\">\n<table bgcolor =\"F0F6FF\" border=0>\n<tbody>\n<tr>\n<td width=400><font color=\"00A0B0\"><\/p>\n<div align=\"center\">\n<b>Samedi 8 janvier<\/b><br \/>\n17 h &#8211; groupe de Pri\u00e8re \u00e0 Voulangis.<br \/>\n18 h 30  &#8211; Messe \u00e0 Voulangis pour Marcel et Georgette DEDIEU.<\/p>\n<p><b>Dimanche  9 janvier<\/b><br \/>\n10 h &#8211; \u00e0 Cr\u00e9cy.  Messe  Ren\u00e9e HENQUIN et Suzanne LELARD.<\/p>\n<p><b>Jeudi 13 janvier<\/b><br \/>\n9 h &#8211; Messe \u00e0 Cr\u00e9cy.<br \/>\n20 h &#8211; Au Vieux Chapitre \u00e0 Meaux, veill\u00e9e de pri\u00e8re pour le P\u00e8re Tony WIERTZ.<\/p>\n<p><b>Vendredi 14 janvier<\/b><br \/>\n10 h 30 &#8211; \u00e0 la cath\u00e9drale de Meaux, messe d&rsquo;obs\u00e8ques du P\u00e8re Tony WIERTZ c\u00e9l\u00e9br\u00e9e par Monseigneur NAHMIAS.<\/p>\n<p><b>Samedi 15 janvier<\/b><br \/>\n<i>Saint R\u00e9my<\/i><br \/>\n18 h 30  &#8211; \u00e0 Voulangis Messe anniversaire pour Daniel PELISSIER.<\/p>\n<p><b>Dimanche 16 janvier<\/b><br \/>\n10 h &#8211; \u00e0 Cr\u00e9cy.  Messe pour Fran\u00e7oise VACZLAVIK et sa ni\u00e8ce Marie-Ang\u00e8le CASTANO, d\u00e9c\u00e9d\u00e9e.\n<\/div>\n<p><\/font><\/td>\n<td><font color=\"A0A000\"><\/p>\n<div align=\"center\"><img decoding=\"async\" src=\"\/IMG\/personnes\/remy.jpg\" width=200><\/div>\n<p><\/font><\/td>\n<\/tr>\n<\/tbody>\n<\/table>\n<\/div>\n","protected":false},"excerpt":{"rendered":"<p>Voici les annonces de la p\u00e9riode du samedi 8 au dimanche 16 janvier 2022 pour la paroisse des 3 clochers Cr\u00e9cy-la-Chapelle, Villiers-sur-Morin, Voulangis. Samedi 8 janvier \u00e0\u00a0 18 h 30, Messe \u00e0\u00a0 Voulangis. Dimanche&#46;&#46;&#46;<\/p>\n","protected":false},"author":2,"featured_media":0,"comment_status":"open","ping_status":"open","sticky":false,"template":"","format":"standard","meta":{"footnotes":""},"categories":[],"tags":[],"class_list":["post-1380","post","type-post","status-publish","format-standard","hentry"],"_links":{"self":[{"href":"http:\/\/www.chapelle-crecy.com\/index.php?rest_route=\/wp\/v2\/posts\/1380","targetHints":{"allow":["GET"]}}],"collection":[{"href":"http:\/\/www.chapelle-crecy.com\/index.php?rest_route=\/wp\/v2\/posts"}],"about":[{"href":"http:\/\/www.chapelle-crecy.com\/index.php?rest_route=\/wp\/v2\/types\/post"}],"author":[{"embeddable":true,"href":"http:\/\/www.chapelle-crecy.com\/index.php?rest_route=\/wp\/v2\/users\/2"}],"replies":[{"embeddable":true,"href":"http:\/\/www.chapelle-crecy.com\/index.php?rest_route=%2Fwp%2Fv2%2Fcomments&post=1380"}],"version-history":[{"count":0,"href":"http:\/\/www.chapelle-crecy.com\/index.php?rest_route=\/wp\/v2\/posts\/1380\/revisions"}],"wp:attachment":[{"href":"http:\/\/www.chapelle-crecy.com\/index.php?rest_route=%2Fwp%2Fv2%2Fmedia&parent=1380"}],"wp:term":[{"taxonomy":"category","embeddable":true,"href":"http:\/\/www.chapelle-crecy.com\/index.php?rest_route=%2Fwp%2Fv2%2Fcategories&post=1380"},{"taxonomy":"post_tag","embeddable":true,"href":"http:\/\/www.chapelle-crecy.com\/index.php?rest_route=%2Fwp%2Fv2%2Ftags&post=1380"}],"curies":[{"name":"wp","href":"https:\/\/api.w.org\/{rel}","templated":true}]}}