{"id":1382,"date":"2022-01-23T20:04:00","date_gmt":"2022-01-23T20:04:00","guid":{"rendered":""},"modified":"-0001-11-30T00:00:00","modified_gmt":"-0001-11-29T22:00:00","slug":"","status":"publish","type":"post","link":"http:\/\/www.chapelle-crecy.com\/?p=1382","title":{"rendered":"Annonces du 27 janvier au 6 f\u00e9vrier 2022"},"content":{"rendered":"<div align=\"justify\">Voici les annonces de la p\u00e9riode du jeudi 27 janvier au dimanche 6 f\u00e9vrier 2022 pour la paroisse des 3 clochers Cr\u00e9cy-la-Chapelle, Villiers-sur-Morin, Voulangis. <\/p>\n<p>Samedi 29 janvier \u00e0\u00a0 18 h 30, Messe \u00e0\u00a0 Voulangis.<br \/>\nDimanche 30 janvier \u00e0\u00a0 10 h, Messe \u00e0\u00a0 Cr\u00e9cy.<br \/>\nSamedi 5 f\u00e9vrier \u00e0\u00a0 18 h 30, Messe \u00e0\u00a0 Voulangis.<br \/>\nDimanche 6 f\u00e9vrier \u00e0\u00a0 10 h, Messe \u00e0\u00a0 Cr\u00e9cy.<br \/>\nTous les d\u00e9tails dans la suite &#8230;\n<\/div>\n<div align=\"center\">\n<table bgcolor =\"F0F6FF\" border=0>\n<tbody>\n<tr>\n<td width=400><font color=\"00A0B0\"><\/p>\n<div align=\"center\">\n<b>Jeudi 27 janvier<\/b><br \/>\n<i>Sainte Ang\u00e8le Merici<\/i><br \/>\n9 h &#8211; Messe \u00e0 Cr\u00e9cy.<\/p>\n<p><b>Samedi 29 janvier<\/b><br \/>\n18 h 30  &#8211; Messe \u00e0 Voulangis pour Jeanine ROUTHIER inhum\u00e9e la semaine derni\u00e8re.<\/p>\n<p><b>Dimanche 30 janvier<\/b><br \/>\n10 h &#8211; \u00e0 Cr\u00e9cy.  Messe pour Gaby et Pierre BEAUMONT, et pour Maurice MEUNIER.<\/div>\n<\/td>\n<td><font color=\"A0A000\"><\/p>\n<div align=\"center\"><img decoding=\"async\" src=\"\/IMG\/personnes\/angela_merici.jpg\" width=160><br \/><i>Sainte Ang\u00e8le Merici<\/i><\/div>\n<p><\/font><\/td>\n<\/tr>\n<\/tbody>\n<\/table>\n<table bgcolor =\"FFF6F0\" border=0>\n<tbody>\n<tr>\n<td><font color=\"00A0B0\"><\/p>\n<div align=\"center\"><img decoding=\"async\" src=\"\/IMG\/personnes\/gaston.jpg\" width=160><br \/><i>Saint Gaston<\/i><\/div>\n<p><\/font><\/td>\n<td width=400><font color=\"00A0B0\"><\/p>\n<div align=\"center\">\n<b>Mercredi 2 f\u00e9vrier<\/b><br \/>\n<i>Pr\u00e9sentation du Seigneur<\/i><br \/>\n10 h &#8211; Messe \u00e0 Cr\u00e9cy.<\/p>\n<p><b>Jeudi  3 f\u00e9vrier<\/b><br \/>\n9 h &#8211; Messe \u00e0 Cr\u00e9cy.<\/p>\n<p><b>Samedi  5 f\u00e9vrier<\/b><br \/>\n17 h 15 &#8211; Groupe de pri\u00e8re \u00e0 Voulangis<br \/>\n18 h 30  &#8211; Messe \u00e0 Voulangis pour Andr\u00e9 PANHARD.<\/p>\n<p><b>Dimanche 6 f\u00e9vrier<\/b><br \/>\n<i>Saint Gaston<\/i><br \/>\n10 h &#8211;  Messe des familles \u00e0 Cr\u00e9cy.<br \/>\nNous prierons pour la famille ALAMELAMA.\n<\/div>\n<p><\/font><\/td>\n<\/tr>\n<\/tbody>\n<\/table>\n<\/div>\n","protected":false},"excerpt":{"rendered":"<p>Voici les annonces de la p\u00e9riode du jeudi 27 janvier au dimanche 6 f\u00e9vrier 2022 pour la paroisse des 3 clochers Cr\u00e9cy-la-Chapelle, Villiers-sur-Morin, Voulangis. Samedi 29 janvier \u00e0\u00a0 18 h 30, Messe \u00e0\u00a0 Voulangis.&#46;&#46;&#46;<\/p>\n","protected":false},"author":2,"featured_media":0,"comment_status":"open","ping_status":"open","sticky":false,"template":"","format":"standard","meta":{"footnotes":""},"categories":[],"tags":[],"class_list":["post-1382","post","type-post","status-publish","format-standard","hentry"],"_links":{"self":[{"href":"http:\/\/www.chapelle-crecy.com\/index.php?rest_route=\/wp\/v2\/posts\/1382","targetHints":{"allow":["GET"]}}],"collection":[{"href":"http:\/\/www.chapelle-crecy.com\/index.php?rest_route=\/wp\/v2\/posts"}],"about":[{"href":"http:\/\/www.chapelle-crecy.com\/index.php?rest_route=\/wp\/v2\/types\/post"}],"author":[{"embeddable":true,"href":"http:\/\/www.chapelle-crecy.com\/index.php?rest_route=\/wp\/v2\/users\/2"}],"replies":[{"embeddable":true,"href":"http:\/\/www.chapelle-crecy.com\/index.php?rest_route=%2Fwp%2Fv2%2Fcomments&post=1382"}],"version-history":[{"count":0,"href":"http:\/\/www.chapelle-crecy.com\/index.php?rest_route=\/wp\/v2\/posts\/1382\/revisions"}],"wp:attachment":[{"href":"http:\/\/www.chapelle-crecy.com\/index.php?rest_route=%2Fwp%2Fv2%2Fmedia&parent=1382"}],"wp:term":[{"taxonomy":"category","embeddable":true,"href":"http:\/\/www.chapelle-crecy.com\/index.php?rest_route=%2Fwp%2Fv2%2Fcategories&post=1382"},{"taxonomy":"post_tag","embeddable":true,"href":"http:\/\/www.chapelle-crecy.com\/index.php?rest_route=%2Fwp%2Fv2%2Ftags&post=1382"}],"curies":[{"name":"wp","href":"https:\/\/api.w.org\/{rel}","templated":true}]}}