{"id":1385,"date":"2022-02-12T09:19:41","date_gmt":"2022-02-12T09:19:41","guid":{"rendered":""},"modified":"-0001-11-30T00:00:00","modified_gmt":"-0001-11-29T22:00:00","slug":"","status":"publish","type":"post","link":"http:\/\/www.chapelle-crecy.com\/?p=1385","title":{"rendered":"Annonces du 12 au 20 f\u00e9vrier 2022"},"content":{"rendered":"<div align=\"justify\">Voici les annonces de la p\u00e9riode du samedi 12 au dimanche 20 f\u00e9vrier 2022 pour la paroisse des 3 clochers Cr\u00e9cy-la-Chapelle, Villiers-sur-Morin, Voulangis. <\/p>\n<p>Samedi 12 f\u00e9vrier \u00e0\u00a0 18 h 30, Messe \u00e0\u00a0 Voulangis.<br \/>\nDimanche 13 f\u00e9vrier \u00e0\u00a0 10 h, Messe \u00e0\u00a0 Cr\u00e9cy.<br \/>\nSamedi 19 f\u00e9vrier \u00e0\u00a0 18 h 30, Messe \u00e0\u00a0 Voulangis.<br \/>\nDimanche 20 f\u00e9vrier \u00e0\u00a0 10 h, Messe \u00e0\u00a0 Cr\u00e9cy.<br \/>\nTous les d\u00e9tails dans la suite &#8230;\n<\/div>\n<div align=\"center\">\n<table bgcolor =\"F0F6FF\" border=0>\n<tbody>\n<tr>\n<td width=400><font color=\"A0A000\"><\/p>\n<div align=\"center\">\n<b>Samedi  12 f\u00e9vrier<\/b><br \/>\n18 h 30  &#8211; Messe \u00e0 Voulangis pour Joseph et Ad\u00e8le COTE.<\/p>\n<p><b>Dimanche 13 f\u00e9vrier<\/b><br \/>\n<i>St Gilbert, \u00e9v\u00eaque de Meaux<\/i><br \/>\n10 h &#8211;  Messe \u00e0 Cr\u00e9cy pour Marie-Claire et Fran\u00e7ois VALLEE.<\/p>\n<p>Ces samedi 12 et dimanche 13 :<br \/>\n QUETE SPECIALE POUR L&rsquo;ENTRETIEN ET PRESBYTERES DU DIOCESE..<\/p><\/div>\n<\/td>\n<td><font color=\"A0A000\"><\/p>\n<div align=\"center\"><img decoding=\"async\" src=\"\/IMG\/personnes\/gilbert.jpg\" width=160><br \/><i>St Gilbert, \u00e9v\u00eaque de Meaux<\/i><\/div>\n<p><\/font><\/td>\n<\/tr>\n<\/tbody>\n<\/table>\n<table bgcolor =\"FFF6F0\" border=0>\n<tbody>\n<tr>\n<td><font color=\"00A0B0\"><\/p>\n<div align=\"center\"><img decoding=\"async\" src=\"\/IMG\/personnes\/valentin.jpg\" width=160><br \/><i>Saint Valentin<\/i><\/div>\n<p><\/font><\/td>\n<td width=400><font color=\"00A0B0\"><\/p>\n<div align=\"center\">\n <b>Lundi 14 f\u00e9vrier<\/b><br \/>\n<i>Saint Valentin<\/i><br \/>\n15 h &#8211; Obs\u00e8ques \u00e0 Voulangis de Gis\u00e8le TROUBLE.<br \/>\n17 h 15 &#8211; R\u00e9p\u00e9tition de chorale \u00e0 Cr\u00e9cy.<\/p>\n<p><b>Jeudi 17 f\u00e9vrier<\/b><br \/>\n9 h &#8211; Messe \u00e0 Cr\u00e9cy<\/p>\n<p><b>Vendredi 18 f\u00e9vrier<\/b><br \/>\n9 h &#8211; Messe \u00e0 Cr\u00e9cy.<br \/>\nde 10  h \u00e0 11 h 30 &#8211; Pr\u00e9sence du P\u00e8re Michel au presbyt\u00e8re (accueil et confessions).<\/p>\n<p><b>Samedi 19 f\u00e9vrier<\/b><br \/>\n18 h 30 &#8211; Messe \u00e0 Voulangis pour Joseph et Yvonne FERNANDEZ.<br \/>\nLa messe sera \u00e9galement c\u00e9l\u00e9br\u00e9e pour Gis\u00e8le TROUBLE inhum\u00e9e cette semaine.<br \/>\n<br \/>\n<b>Dimanche 20 f\u00e9vrier<\/b><br \/>\n10 h &#8211; Messe \u00e0 Cr\u00e9cy.\n<\/div>\n<p><\/font><\/td>\n<\/tr>\n<\/tbody>\n<\/table>\n<\/div>\n","protected":false},"excerpt":{"rendered":"<p>Voici les annonces de la p\u00e9riode du samedi 12 au dimanche 20 f\u00e9vrier 2022 pour la paroisse des 3 clochers Cr\u00e9cy-la-Chapelle, Villiers-sur-Morin, Voulangis. Samedi 12 f\u00e9vrier \u00e0\u00a0 18 h 30, Messe \u00e0\u00a0 Voulangis. Dimanche&#46;&#46;&#46;<\/p>\n","protected":false},"author":2,"featured_media":0,"comment_status":"open","ping_status":"open","sticky":false,"template":"","format":"standard","meta":{"footnotes":""},"categories":[],"tags":[],"class_list":["post-1385","post","type-post","status-publish","format-standard","hentry"],"_links":{"self":[{"href":"http:\/\/www.chapelle-crecy.com\/index.php?rest_route=\/wp\/v2\/posts\/1385","targetHints":{"allow":["GET"]}}],"collection":[{"href":"http:\/\/www.chapelle-crecy.com\/index.php?rest_route=\/wp\/v2\/posts"}],"about":[{"href":"http:\/\/www.chapelle-crecy.com\/index.php?rest_route=\/wp\/v2\/types\/post"}],"author":[{"embeddable":true,"href":"http:\/\/www.chapelle-crecy.com\/index.php?rest_route=\/wp\/v2\/users\/2"}],"replies":[{"embeddable":true,"href":"http:\/\/www.chapelle-crecy.com\/index.php?rest_route=%2Fwp%2Fv2%2Fcomments&post=1385"}],"version-history":[{"count":0,"href":"http:\/\/www.chapelle-crecy.com\/index.php?rest_route=\/wp\/v2\/posts\/1385\/revisions"}],"wp:attachment":[{"href":"http:\/\/www.chapelle-crecy.com\/index.php?rest_route=%2Fwp%2Fv2%2Fmedia&parent=1385"}],"wp:term":[{"taxonomy":"category","embeddable":true,"href":"http:\/\/www.chapelle-crecy.com\/index.php?rest_route=%2Fwp%2Fv2%2Fcategories&post=1385"},{"taxonomy":"post_tag","embeddable":true,"href":"http:\/\/www.chapelle-crecy.com\/index.php?rest_route=%2Fwp%2Fv2%2Ftags&post=1385"}],"curies":[{"name":"wp","href":"https:\/\/api.w.org\/{rel}","templated":true}]}}