{"id":1388,"date":"2022-03-05T22:34:09","date_gmt":"2022-03-05T22:34:09","guid":{"rendered":""},"modified":"-0001-11-30T00:00:00","modified_gmt":"-0001-11-29T22:00:00","slug":"","status":"publish","type":"post","link":"http:\/\/www.chapelle-crecy.com\/?p=1388","title":{"rendered":"Annonces du 7 au 13 mars 2022"},"content":{"rendered":"<div align=\"justify\">Voici les annonces de la p\u00e9riode du lundi 7 au dimanche 13 mars 2022 pour la paroisse des 3 clochers Cr\u00e9cy-la-Chapelle, Villiers-sur-Morin, Voulangis. <\/p>\n<p>Samedi 12 mars \u00e0\u00a0 18 30 h, Messe \u00e0\u00a0 Voulangis.<br \/>\nDimanche 13 mars \u00e0\u00a0 10 h, Messe \u00e0\u00a0 Cr\u00e9cy.<br \/>\nTous les d\u00e9tails dans la suite &#8230;\n<\/div>\n<div align=\"center\">\n<table bgcolor =\"FFF6F0\" border=0>\n<tbody>\n<tr>\n<td><font color=\"00A0B0\"><\/p>\n<div align=\"center\"><img decoding=\"async\" src=\"\/IMG\/personnes\/francoiseromaine.jpg\" width=160><br \/><i>Ste Fran\u00e7oise Romaine<\/i><\/div>\n<p><\/font><\/td>\n<td width=400><font color=\"00A0B0\"><\/p>\n<div align=\"left\">\n<b>Lundi 7 mars<\/b><br \/>\n17 h &#8211; r\u00e9p\u00e9tition chorale \u00e0 Cr\u00e9cy.<\/p>\n<p><b>Mardi 9 mars<\/b><br \/>\n<i>Ste Fran\u00e7oise Romaine<\/i><br \/>\n19 h &#8211; r\u00e9union de l&rsquo;EAP.<\/p>\n<p><b>Jeudi 10 mars<\/b><br \/>\n9 h &#8211; Messe \u00e0 Cr\u00e9cy pour Lucienne BLAVIER.\n<\/div>\n<p><\/font><\/td>\n<\/tr>\n<\/tbody>\n<\/table>\n<table bgcolor =\"FFF6F0\" border=0>\n<tbody>\n<tr>\n<td width=400><font color=\"00A0B0\"><\/p>\n<div align=\"left\">\n<b>Vendredi 11 mars<\/b><br \/>\n19 h &#8211; soir\u00e9e Bol de Riz  \u00e0 la salle communale de Villiers &#8211;  \u00ab\u00a0Pr\u00e9sentation d&rsquo;Ha\u00efti et de son Eglise\u00a0\u00bb par le P\u00e8re Peterson &#8211;  une collecte est pr\u00e9vue pour participer \u00e0 l&rsquo;aide d&rsquo;Ha\u00efti.<\/p>\n<p><b>Samedi 12 mars<\/b><br \/>\n<i>Sainte Justine<\/i><br \/>\n18 h 30 &#8211; Messe \u00e0 Voulangis pour Jean ROSIER.<\/p>\n<p><b>Dimanche 13 mars<\/b><br \/>\n<i>2\u00e8me dimanche de CAREME.<\/i><br \/>\n10 h &#8211; Messe \u00e0 Cr\u00e9cy.\n<\/div>\n<p><\/font><\/td>\n<td><font color=\"00A0B0\"><\/p>\n<div align=\"center\"><img decoding=\"async\" src=\"\/IMG\/personnes\/justine.jpg\" width=160><br \/><i>Ste Justine<\/i><\/div>\n<p><\/font><\/td>\n<\/tr>\n<\/tbody>\n<\/table>\n<\/div>\n","protected":false},"excerpt":{"rendered":"<p>Voici les annonces de la p\u00e9riode du lundi 7 au dimanche 13 mars 2022 pour la paroisse des 3 clochers Cr\u00e9cy-la-Chapelle, Villiers-sur-Morin, Voulangis. Samedi 12 mars \u00e0\u00a0 18 30 h, Messe \u00e0\u00a0 Voulangis. Dimanche&#46;&#46;&#46;<\/p>\n","protected":false},"author":2,"featured_media":0,"comment_status":"open","ping_status":"open","sticky":false,"template":"","format":"standard","meta":{"footnotes":""},"categories":[],"tags":[],"class_list":["post-1388","post","type-post","status-publish","format-standard","hentry"],"_links":{"self":[{"href":"http:\/\/www.chapelle-crecy.com\/index.php?rest_route=\/wp\/v2\/posts\/1388","targetHints":{"allow":["GET"]}}],"collection":[{"href":"http:\/\/www.chapelle-crecy.com\/index.php?rest_route=\/wp\/v2\/posts"}],"about":[{"href":"http:\/\/www.chapelle-crecy.com\/index.php?rest_route=\/wp\/v2\/types\/post"}],"author":[{"embeddable":true,"href":"http:\/\/www.chapelle-crecy.com\/index.php?rest_route=\/wp\/v2\/users\/2"}],"replies":[{"embeddable":true,"href":"http:\/\/www.chapelle-crecy.com\/index.php?rest_route=%2Fwp%2Fv2%2Fcomments&post=1388"}],"version-history":[{"count":0,"href":"http:\/\/www.chapelle-crecy.com\/index.php?rest_route=\/wp\/v2\/posts\/1388\/revisions"}],"wp:attachment":[{"href":"http:\/\/www.chapelle-crecy.com\/index.php?rest_route=%2Fwp%2Fv2%2Fmedia&parent=1388"}],"wp:term":[{"taxonomy":"category","embeddable":true,"href":"http:\/\/www.chapelle-crecy.com\/index.php?rest_route=%2Fwp%2Fv2%2Fcategories&post=1388"},{"taxonomy":"post_tag","embeddable":true,"href":"http:\/\/www.chapelle-crecy.com\/index.php?rest_route=%2Fwp%2Fv2%2Ftags&post=1388"}],"curies":[{"name":"wp","href":"https:\/\/api.w.org\/{rel}","templated":true}]}}