{"id":1389,"date":"2022-03-11T18:32:48","date_gmt":"2022-03-11T18:32:48","guid":{"rendered":""},"modified":"-0001-11-30T00:00:00","modified_gmt":"-0001-11-29T22:00:00","slug":"","status":"publish","type":"post","link":"http:\/\/www.chapelle-crecy.com\/?p=1389","title":{"rendered":"CATECHUMENAT"},"content":{"rendered":"<p>CATECHUMENAT ADULTES: pour tout adulte qui d\u00e9sire se pr\u00e9parer aux sacrement du bapt\u00eame de la communion ou de la confirmation, s&rsquo;adresser au 06.13.62.01.66 Evelyne Reydel.<br \/>\nET CATECHUMENAT DES JEUNES pour tout ados d\u00e9sireux de se pr\u00e9parer aux sacrements du bapt\u00eame, communion ou confirmation contacter Laetitia Fouilland au 0661316383 <\/p>\n","protected":false},"excerpt":{"rendered":"<p>CATECHUMENAT ADULTES: pour tout adulte qui d\u00e9sire se pr\u00e9parer aux sacrement du bapt\u00eame de la communion ou de la confirmation, s&rsquo;adresser au 06.13.62.01.66 Evelyne Reydel. ET CATECHUMENAT DES JEUNES pour tout ados d\u00e9sireux de&#46;&#46;&#46;<\/p>\n","protected":false},"author":2,"featured_media":0,"comment_status":"open","ping_status":"open","sticky":false,"template":"","format":"standard","meta":{"footnotes":""},"categories":[],"tags":[],"class_list":["post-1389","post","type-post","status-publish","format-standard","hentry"],"_links":{"self":[{"href":"http:\/\/www.chapelle-crecy.com\/index.php?rest_route=\/wp\/v2\/posts\/1389","targetHints":{"allow":["GET"]}}],"collection":[{"href":"http:\/\/www.chapelle-crecy.com\/index.php?rest_route=\/wp\/v2\/posts"}],"about":[{"href":"http:\/\/www.chapelle-crecy.com\/index.php?rest_route=\/wp\/v2\/types\/post"}],"author":[{"embeddable":true,"href":"http:\/\/www.chapelle-crecy.com\/index.php?rest_route=\/wp\/v2\/users\/2"}],"replies":[{"embeddable":true,"href":"http:\/\/www.chapelle-crecy.com\/index.php?rest_route=%2Fwp%2Fv2%2Fcomments&post=1389"}],"version-history":[{"count":0,"href":"http:\/\/www.chapelle-crecy.com\/index.php?rest_route=\/wp\/v2\/posts\/1389\/revisions"}],"wp:attachment":[{"href":"http:\/\/www.chapelle-crecy.com\/index.php?rest_route=%2Fwp%2Fv2%2Fmedia&parent=1389"}],"wp:term":[{"taxonomy":"category","embeddable":true,"href":"http:\/\/www.chapelle-crecy.com\/index.php?rest_route=%2Fwp%2Fv2%2Fcategories&post=1389"},{"taxonomy":"post_tag","embeddable":true,"href":"http:\/\/www.chapelle-crecy.com\/index.php?rest_route=%2Fwp%2Fv2%2Ftags&post=1389"}],"curies":[{"name":"wp","href":"https:\/\/api.w.org\/{rel}","templated":true}]}}