{"id":139,"date":"2009-06-20T14:07:04","date_gmt":"2009-06-20T14:07:04","guid":{"rendered":""},"modified":"-0001-11-30T00:00:00","modified_gmt":"-0001-11-29T22:00:00","slug":"","status":"publish","type":"post","link":"http:\/\/www.chapelle-crecy.com\/?p=139","title":{"rendered":"Annonces de la semaine du 22 au 28 juin 2009"},"content":{"rendered":"<table bgcolor =\"F0FAFF\" border=0>\n<tbody>\n<tr>\n<td>\n<div align=\"justify\">\n<div \"51\">Voici les annonces de la semaine du lundi 22 au dimanche 28 juin 2009  pour la paroisse des 3 clochers Cr\u00e9cy-la-Chapelle, Villiers-sur-Morin, Voulangis.<\/div>\n<\/div>\n<\/td>\n<\/tr>\n<\/tbody>\n<\/table>\n<table bgcolor =\"F0FAFF\" border=1>\n<tbody>\n<tr>\n<td width=120><font color=\"0020FF\">Lundi 22 juin<\/font><\/td>\n<td><font color=\"0020FF\">17 h &#8211; Messe \u00e0 cr\u00e9cy pour les \u00e2mes du purgatoire.<br \/>20 h 30 &#8211; R\u00e9union des Permanents de l&rsquo;Accueil.<br \/>\nA la m\u00eame heure : r\u00e9union de l&rsquo;Equipe d&rsquo;Animation Pastorale<br \/>\n<\/font><\/td>\n<\/tr>\n<tr>\n<td width=120><font color=\"0020FF\">Mardi 23 juin <\/font><\/td>\n<td><font color=\"0020FF\">17 h &#8211; Messe \u00e0 la Maison de Retraite pour Louis JACOB<\/font><\/td>\n<\/tr>\n<tr>\n<td><font color=\"0020FF\">Mercredi 24 juin &#8211; Nativit\u00e9 de St-Jean-Baptiste<\/font><\/td>\n<td><font color=\"0020FF\">17 h &#8211;  Messe \u00e0 Cr\u00e9cy pour  Carmen VALLEE.<\/font><\/td>\n<\/tr>\n<tr>\n<td><font color=\"0020FF\">Jeudi 25 juin<\/font><\/td>\n<td><font color=\"0020FF\">19 h &#8211; R\u00e9union des cat\u00e9chistes.<br \/>\n<\/font><\/td>\n<\/tr>\n<tr>\n<td><font color=\"0020FF\">Vendredi 26 juin<\/font><\/td>\n<td><font color=\"0020FF\">20 h 30 &#8211; Spectacle sur Saint-Paul \u00e0 l&rsquo;\u00e9glise Saint-Nicolas de Meaux.<\/font><\/td>\n<\/tr>\n<tr>\n<td><font color=\"0020FF\">Dimanche 28 juin<\/font><\/td>\n<td><font color=\"0020FF\">10 h 30   Messe \u00e0 Cr\u00e9cy pour Pierre BEAUMONT ainsi que pour la famille BACOUP.<br \/>\n11 h &#8211; A Villiers, Bapt\u00eame de Raphael Guy BACHELIER. <\/font><\/td>\n<\/tr>\n<\/tbody>\n<\/table>\n","protected":false},"excerpt":{"rendered":"<p>Voici les annonces de la semaine du lundi 22 au dimanche 28 juin 2009 pour la paroisse des 3 clochers Cr\u00e9cy-la-Chapelle, Villiers-sur-Morin, Voulangis. Lundi 22 juin 17 h &#8211; Messe \u00e0 cr\u00e9cy pour les&#46;&#46;&#46;<\/p>\n","protected":false},"author":2,"featured_media":0,"comment_status":"open","ping_status":"open","sticky":false,"template":"","format":"standard","meta":{"footnotes":""},"categories":[],"tags":[],"class_list":["post-139","post","type-post","status-publish","format-standard","hentry"],"_links":{"self":[{"href":"http:\/\/www.chapelle-crecy.com\/index.php?rest_route=\/wp\/v2\/posts\/139","targetHints":{"allow":["GET"]}}],"collection":[{"href":"http:\/\/www.chapelle-crecy.com\/index.php?rest_route=\/wp\/v2\/posts"}],"about":[{"href":"http:\/\/www.chapelle-crecy.com\/index.php?rest_route=\/wp\/v2\/types\/post"}],"author":[{"embeddable":true,"href":"http:\/\/www.chapelle-crecy.com\/index.php?rest_route=\/wp\/v2\/users\/2"}],"replies":[{"embeddable":true,"href":"http:\/\/www.chapelle-crecy.com\/index.php?rest_route=%2Fwp%2Fv2%2Fcomments&post=139"}],"version-history":[{"count":0,"href":"http:\/\/www.chapelle-crecy.com\/index.php?rest_route=\/wp\/v2\/posts\/139\/revisions"}],"wp:attachment":[{"href":"http:\/\/www.chapelle-crecy.com\/index.php?rest_route=%2Fwp%2Fv2%2Fmedia&parent=139"}],"wp:term":[{"taxonomy":"category","embeddable":true,"href":"http:\/\/www.chapelle-crecy.com\/index.php?rest_route=%2Fwp%2Fv2%2Fcategories&post=139"},{"taxonomy":"post_tag","embeddable":true,"href":"http:\/\/www.chapelle-crecy.com\/index.php?rest_route=%2Fwp%2Fv2%2Ftags&post=139"}],"curies":[{"name":"wp","href":"https:\/\/api.w.org\/{rel}","templated":true}]}}