{"id":1390,"date":"2022-03-12T13:13:42","date_gmt":"2022-03-12T13:13:42","guid":{"rendered":""},"modified":"-0001-11-30T00:00:00","modified_gmt":"-0001-11-29T22:00:00","slug":"","status":"publish","type":"post","link":"http:\/\/www.chapelle-crecy.com\/?p=1390","title":{"rendered":"Annonces du 14 au 20 mars 2022"},"content":{"rendered":"<div align=\"justify\">Voici les annonces de la p\u00e9riode du lundi 14 au dimanche 20 mars 2022 pour la paroisse des 3 clochers Cr\u00e9cy-la-Chapelle, Villiers-sur-Morin, Voulangis. <\/p>\n<p>Samedi 19 mars \u00e0\u00a0 18 30 h, Messe \u00e0\u00a0 Voulangis.<br \/>\nDimanche 20 mars \u00e0\u00a0 10 h, Messe \u00e0\u00a0 Cr\u00e9cy.<br \/>\nTous les d\u00e9tails dans la suite &#8230;\n<\/div>\n<div align=\"center\">\n<table bgcolor =\"FFF6F0\" border=0>\n<tbody>\n<tr>\n<td><font color=\"00A0B0\"><\/p>\n<div align=\"center\"><img decoding=\"async\" src=\"\/IMG\/personnes\/joseph.jpg\" width=160><br \/><i>Saint Joseph<\/i><\/div>\n<p><\/font><\/td>\n<td width=400><font color=\"00A0B0\"><\/p>\n<div align=\"left\">\n<b>Jeudi 17 mars<\/b><br \/>\n9 h &#8211; Messe \u00e0 Cr\u00e9cy pour Andr\u00e9 PANHARD.<\/p>\n<p><b>Vendredi 18 mars<\/b><br \/>\n9 h &#8211; \u00e0 Messe \u00e0 Cr\u00e9cy.<br \/>\nde 10 h \u00e0 11 h &#8211; pr\u00e9sence du P\u00e8re Michel au presbyt\u00e8re.<\/p>\n<p><b>Samedi 19 mars<\/b><br \/>\n<i>Saint Joseph<\/i><br \/>\n18 h 30 &#8211; Messe \u00e0 Voulangis pour la famille ROSIER &#8211; CHIQUET.<\/p>\n<p><b>Dimanche 20 mars<\/b><br \/>\n<i>3\u00e8me dimanche de CAREME.<\/i><br \/>\n10 h &#8211; Messe \u00e0 Cr\u00e9cy pour Pierre LOUIS.<br \/>\n1er scrutin des cat\u00e9chum\u00e8nes G\u00e9raldine et Audrey.\n<\/div>\n<p><\/font><\/td>\n<\/tr>\n<\/tbody>\n<\/table>\n<\/div>\n","protected":false},"excerpt":{"rendered":"<p>Voici les annonces de la p\u00e9riode du lundi 14 au dimanche 20 mars 2022 pour la paroisse des 3 clochers Cr\u00e9cy-la-Chapelle, Villiers-sur-Morin, Voulangis. Samedi 19 mars \u00e0\u00a0 18 30 h, Messe \u00e0\u00a0 Voulangis. Dimanche&#46;&#46;&#46;<\/p>\n","protected":false},"author":2,"featured_media":0,"comment_status":"open","ping_status":"open","sticky":false,"template":"","format":"standard","meta":{"footnotes":""},"categories":[],"tags":[],"class_list":["post-1390","post","type-post","status-publish","format-standard","hentry"],"_links":{"self":[{"href":"http:\/\/www.chapelle-crecy.com\/index.php?rest_route=\/wp\/v2\/posts\/1390","targetHints":{"allow":["GET"]}}],"collection":[{"href":"http:\/\/www.chapelle-crecy.com\/index.php?rest_route=\/wp\/v2\/posts"}],"about":[{"href":"http:\/\/www.chapelle-crecy.com\/index.php?rest_route=\/wp\/v2\/types\/post"}],"author":[{"embeddable":true,"href":"http:\/\/www.chapelle-crecy.com\/index.php?rest_route=\/wp\/v2\/users\/2"}],"replies":[{"embeddable":true,"href":"http:\/\/www.chapelle-crecy.com\/index.php?rest_route=%2Fwp%2Fv2%2Fcomments&post=1390"}],"version-history":[{"count":0,"href":"http:\/\/www.chapelle-crecy.com\/index.php?rest_route=\/wp\/v2\/posts\/1390\/revisions"}],"wp:attachment":[{"href":"http:\/\/www.chapelle-crecy.com\/index.php?rest_route=%2Fwp%2Fv2%2Fmedia&parent=1390"}],"wp:term":[{"taxonomy":"category","embeddable":true,"href":"http:\/\/www.chapelle-crecy.com\/index.php?rest_route=%2Fwp%2Fv2%2Fcategories&post=1390"},{"taxonomy":"post_tag","embeddable":true,"href":"http:\/\/www.chapelle-crecy.com\/index.php?rest_route=%2Fwp%2Fv2%2Ftags&post=1390"}],"curies":[{"name":"wp","href":"https:\/\/api.w.org\/{rel}","templated":true}]}}