{"id":1391,"date":"2022-03-19T20:49:35","date_gmt":"2022-03-19T20:49:35","guid":{"rendered":""},"modified":"-0001-11-30T00:00:00","modified_gmt":"-0001-11-29T22:00:00","slug":"","status":"publish","type":"post","link":"http:\/\/www.chapelle-crecy.com\/?p=1391","title":{"rendered":"Annonces du 21 au 27 mars 2022"},"content":{"rendered":"<div align=\"justify\">Voici les annonces de la p\u00e9riode du lundi 21 au dimanche 27 mars 2022 pour la paroisse des 3 clochers Cr\u00e9cy-la-Chapelle, Villiers-sur-Morin, Voulangis. <\/p>\n<p>Samedi 26 mars \u00e0\u00a0 18 30 h, Messe \u00e0\u00a0 Voulangis.<br \/>\nDimanche 27 mars \u00e0\u00a0 10 h, Messe \u00e0\u00a0 Cr\u00e9cy.<br \/>\nTous les d\u00e9tails dans la suite &#8230;\n<\/div>\n<div align=\"center\">\n<table bgcolor =\"FFF6F0\" border=0>\n<tbody>\n<tr>\n<td><font color=\"00A0B0\"><\/p>\n<div align=\"center\"><img decoding=\"async\" src=\"\/IMG\/personnes\/annonciation.jpg\" width=160><br \/><i>L&rsquo;annonciation<\/i><\/div>\n<p><\/font><\/td>\n<td width=400><font color=\"00A0B0\"><\/p>\n<div align=\"left\">\n<b>Lundi  21 mars<\/b><br \/>\n17 h 15 &#8211; R\u00e9p\u00e9tition de la chorale \u00e0 Cr\u00e9cy.<\/p>\n<p><b>Jeudi 24 mars<\/b><br \/>\n9 h &#8211; Messe \u00e0 Cr\u00e9cy pour Bernadette BUISSET .<\/p>\n<p><b>Vendredi 25 mars<\/b><br \/>\n<i>ANNONCIATION<\/i><br \/>\n9 h &#8211; \u00e0 Messe \u00e0 Cr\u00e9cy.<\/p>\n<p><b>Samedi 26 mars<\/b><br \/>\n18 h 30 &#8211; A Voulangis, Messe anniversaire pour Lucette BORNIER.\n<\/div>\n<p><\/font><\/td>\n<\/tr>\n<\/tbody>\n<\/table>\n<table bgcolor =\"FFF6F0\" border=0>\n<tbody>\n<tr>\n<td><font color=\"00A0B0\"><\/p>\n<div align=\"left\">\n<b>Dimanche 27 mars<\/b><br \/>\n<i>4\u00e8me dimanche de CAREME.<\/i><br \/>\n10 h &#8211; \u00e0 Cr\u00e9cy MESSE DES FAMILLES.<br \/>\nNous prierons pour Simone CARRARA r\u00e9cemment d\u00e9c\u00e9d\u00e9e, ainsi que pour Melvyn PERSEE et Marie-R\u00e9gine ETALE <br \/>\n2\u00e8me scrutin des cat\u00e9chum\u00e8nes G\u00e9raldine et Audrey.\n<\/div>\n<p><\/font><\/td>\n<\/tr>\n<\/tbody>\n<\/table>\n<\/div>\n","protected":false},"excerpt":{"rendered":"<p>Voici les annonces de la p\u00e9riode du lundi 21 au dimanche 27 mars 2022 pour la paroisse des 3 clochers Cr\u00e9cy-la-Chapelle, Villiers-sur-Morin, Voulangis. Samedi 26 mars \u00e0\u00a0 18 30 h, Messe \u00e0\u00a0 Voulangis. Dimanche&#46;&#46;&#46;<\/p>\n","protected":false},"author":2,"featured_media":0,"comment_status":"open","ping_status":"open","sticky":false,"template":"","format":"standard","meta":{"footnotes":""},"categories":[],"tags":[],"class_list":["post-1391","post","type-post","status-publish","format-standard","hentry"],"_links":{"self":[{"href":"http:\/\/www.chapelle-crecy.com\/index.php?rest_route=\/wp\/v2\/posts\/1391","targetHints":{"allow":["GET"]}}],"collection":[{"href":"http:\/\/www.chapelle-crecy.com\/index.php?rest_route=\/wp\/v2\/posts"}],"about":[{"href":"http:\/\/www.chapelle-crecy.com\/index.php?rest_route=\/wp\/v2\/types\/post"}],"author":[{"embeddable":true,"href":"http:\/\/www.chapelle-crecy.com\/index.php?rest_route=\/wp\/v2\/users\/2"}],"replies":[{"embeddable":true,"href":"http:\/\/www.chapelle-crecy.com\/index.php?rest_route=%2Fwp%2Fv2%2Fcomments&post=1391"}],"version-history":[{"count":0,"href":"http:\/\/www.chapelle-crecy.com\/index.php?rest_route=\/wp\/v2\/posts\/1391\/revisions"}],"wp:attachment":[{"href":"http:\/\/www.chapelle-crecy.com\/index.php?rest_route=%2Fwp%2Fv2%2Fmedia&parent=1391"}],"wp:term":[{"taxonomy":"category","embeddable":true,"href":"http:\/\/www.chapelle-crecy.com\/index.php?rest_route=%2Fwp%2Fv2%2Fcategories&post=1391"},{"taxonomy":"post_tag","embeddable":true,"href":"http:\/\/www.chapelle-crecy.com\/index.php?rest_route=%2Fwp%2Fv2%2Ftags&post=1391"}],"curies":[{"name":"wp","href":"https:\/\/api.w.org\/{rel}","templated":true}]}}