{"id":1392,"date":"2022-03-26T08:17:10","date_gmt":"2022-03-26T08:17:10","guid":{"rendered":""},"modified":"-0001-11-30T00:00:00","modified_gmt":"-0001-11-29T22:00:00","slug":"","status":"publish","type":"post","link":"http:\/\/www.chapelle-crecy.com\/?p=1392","title":{"rendered":"Annonces du 28 mars au 3 avril 2022"},"content":{"rendered":"<div align=\"justify\">Voici les annonces de la p\u00e9riode du lundi 28 mars au dimanche 3 avril 2022 pour la paroisse des 3 clochers Cr\u00e9cy-la-Chapelle, Villiers-sur-Morin, Voulangis. <\/p>\n<p>Samedi 2 avril \u00e0\u00a0 18 30 h, Messe \u00e0\u00a0 Voulangis.<br \/>\nDimanche 3 avril \u00e0\u00a0 10 h, Messe \u00e0\u00a0 Cr\u00e9cy.<br \/>\nTous les d\u00e9tails dans la suite &#8230;\n<\/div>\n<div align=\"center\">\n<table bgcolor =\"FFF6F0\" border=0>\n<tbody>\n<tr>\n<td><font color=\"00A0B0\"><\/p>\n<div align=\"center\"><img decoding=\"async\" src=\"\/IMG\/personnes\/gontran.jpg\" width=150><br \/><i>Saint Gontran<\/i><\/div>\n<p><\/font><\/td>\n<td width=400><font color=\"00A0B0\"><\/p>\n<div align=\"left\">\n<b>Lundi  28 mars<\/b><br \/>\n<i>Saint Gontran<\/i><br \/>\n16 h &#8211; \u00e0 Cr\u00e9cy,  Obs\u00e8ques de Simone MARCHAISON.<\/p>\n<p><b>Jeudi 31 mars<\/b><br \/>\n9 h &#8211; Messe \u00e0 Cr\u00e9cy.<\/p>\n<p><b>Vendredi 1er avril<\/b><br \/>\n9 h &#8211; Messe \u00e0 Cr\u00e9cy.<\/p>\n<p><b>Samedi 2 avril<\/b><br \/>\n17 h &#8211; r\u00e9union du groupe de pri\u00e8re \u00e0 Voulangis.<br \/>\n18 h 30 &#8211;  Messe \u00e0 Voulangis.<\/p>\n<p><b>Dimanche 3 avril<\/b><br \/>\n<i>5\u00e8me dimanche de CAREME.<\/i><br \/>\n10 h &#8211; Messe \u00e0 Cr\u00e9cy pour Gaby BEAUMONT.<br \/>\n3\u00e8me scrutin des cat\u00e9chum\u00e8nes G\u00e9raldine et Audrey.<br \/>\n15 h 30 &#8211; Enseignement du P\u00e8re HENRIE.<br \/>\n16 h 30 &#8211; Exposition du St Sacrement et confessions.<\/p>\n<p>Samedi 2 et dimanche 3 : QUETE POUR LE C.C.F.D.\n<\/p><\/div>\n<p><\/font><\/td>\n<\/tr>\n<\/tbody>\n<\/table>\n<\/div>\n","protected":false},"excerpt":{"rendered":"<p>Voici les annonces de la p\u00e9riode du lundi 28 mars au dimanche 3 avril 2022 pour la paroisse des 3 clochers Cr\u00e9cy-la-Chapelle, Villiers-sur-Morin, Voulangis. Samedi 2 avril \u00e0\u00a0 18 30 h, Messe \u00e0\u00a0 Voulangis.&#46;&#46;&#46;<\/p>\n","protected":false},"author":2,"featured_media":0,"comment_status":"open","ping_status":"open","sticky":false,"template":"","format":"standard","meta":{"footnotes":""},"categories":[],"tags":[],"class_list":["post-1392","post","type-post","status-publish","format-standard","hentry"],"_links":{"self":[{"href":"http:\/\/www.chapelle-crecy.com\/index.php?rest_route=\/wp\/v2\/posts\/1392","targetHints":{"allow":["GET"]}}],"collection":[{"href":"http:\/\/www.chapelle-crecy.com\/index.php?rest_route=\/wp\/v2\/posts"}],"about":[{"href":"http:\/\/www.chapelle-crecy.com\/index.php?rest_route=\/wp\/v2\/types\/post"}],"author":[{"embeddable":true,"href":"http:\/\/www.chapelle-crecy.com\/index.php?rest_route=\/wp\/v2\/users\/2"}],"replies":[{"embeddable":true,"href":"http:\/\/www.chapelle-crecy.com\/index.php?rest_route=%2Fwp%2Fv2%2Fcomments&post=1392"}],"version-history":[{"count":0,"href":"http:\/\/www.chapelle-crecy.com\/index.php?rest_route=\/wp\/v2\/posts\/1392\/revisions"}],"wp:attachment":[{"href":"http:\/\/www.chapelle-crecy.com\/index.php?rest_route=%2Fwp%2Fv2%2Fmedia&parent=1392"}],"wp:term":[{"taxonomy":"category","embeddable":true,"href":"http:\/\/www.chapelle-crecy.com\/index.php?rest_route=%2Fwp%2Fv2%2Fcategories&post=1392"},{"taxonomy":"post_tag","embeddable":true,"href":"http:\/\/www.chapelle-crecy.com\/index.php?rest_route=%2Fwp%2Fv2%2Ftags&post=1392"}],"curies":[{"name":"wp","href":"https:\/\/api.w.org\/{rel}","templated":true}]}}