{"id":1393,"date":"2022-05-06T09:30:00","date_gmt":"2022-05-06T09:30:00","guid":{"rendered":""},"modified":"-0001-11-30T00:00:00","modified_gmt":"-0001-11-29T22:00:00","slug":"","status":"publish","type":"post","link":"http:\/\/www.chapelle-crecy.com\/?p=1393","title":{"rendered":"Marche en famille 15 mai 2022"},"content":{"rendered":"<p>Notre \u00e9v\u00eaque Monseigneur Jean-Yves Nahmias avait souhait\u00e9 pour les 4 vicariats de notre dioc\u00e8se \u00e0\u00a0 l&rsquo;occasion de l&rsquo;ann\u00e9e Famille et Jeunesse. Ne pouvant avoir lieu en 2021, cet \u00e9v\u00e9nement aura lieu le dimanche 15 mai prochain. Cette balade familiale partira de Montceaux-les-Meaux. Voici le programme et l&rsquo;itin\u00e9raire.<\/p>\n<div align=\"center\">\n<img decoding=\"async\" src=\"\/IMG\/jpg\/aff150522a.jpg\"><br \/>\n<img decoding=\"async\" src=\"\/IMG\/jpg\/aff150522b.jpg\"><br \/>\n<img decoding=\"async\" src=\"\/IMG\/jpg\/aff150522c.jpg\">\n<\/div>\n<div align=\"justify\">\n<p>Ch\u00e8res familles, chers jeunes,<br \/>\n En ce 5i\u00e8me dimanche de P\u00e2ques, nous sommes tr\u00e8s heureux de pouvoir vivre ensemble cette journ\u00e9e autour de Mgr Jean-Yves Nahmias. Dans le cadre de cette ann\u00e9e pastorale consacr\u00e9e \u00e0 la famille et \u00e0 la jeunesse dans notre dioc\u00e8se, il a souhait\u00e9 que chaque vicariat puisse vivre une journ\u00e9e de marche avec les familles et les jeunes pour prier ensemble et r\u00e9fl\u00e9chir avec eux sur leur place dans l&rsquo;Eglise. Chers amis, le Seigneur nous envoie aupr\u00e8s des familles et des jeunes. Pendant cette journ\u00e9e, prions aussi pour toutes les familles et tous les jeunes qui cherchent le sens de leur vie et leur place dans notre soci\u00e9t\u00e9 afin que le Seigneur les illumine en leur montrant son visage. Cette journ\u00e9e est une belle opportunit\u00e9 pour cr\u00e9er entre nous des liens forts dans le Seigneur. Elle est aussi l&rsquo;occasion de prendre davantage conscience de notre r\u00f4le de t\u00e9moins de l&rsquo;Evangile dans le monde d&rsquo;aujourd&rsquo;hui par notre mode de vie en montrant des familles et une jeunesse qui manifestent la force de la pri\u00e8re, la grandeur de l&rsquo;amour fraternel et du service ainsi que la beaut\u00e9 de la mission. Notre t\u00e9moignage se manifeste aujourd&rsquo;hui aussi par un v\u00e9ritable respect de l&rsquo;environnement dans la dynamique de l&rsquo;encyclique Laudato Si que le pape Fran\u00e7ois nous a donn\u00e9e. Elle nous exhorte \u00e0 approfondir le sens de notre place dans la cr\u00e9ation et ainsi, \u00e0 t\u00e9moigner par un \u00e9quilibre de vie authentique dans toutes les dimensions de notre existence. Bonne marche \u00e0 tous !<\/p>\n<p>&#8211; Le d\u00e9part de notre marche s&rsquo;effectue non loin du ch\u00e2teau de Montceaux-les-Meaux dont l&rsquo;historique est consultable ici :<br \/>\n[https:\/\/www.communes.com\/mag\/chateau-montceau-les-meaux->https:\/\/www.communes.com\/mag\/chateau-montceau-les-meaux]<\/p>\n<p>&#8211; La plus grande partie du parcours que nous allons emprunter est le sentier GR11 qui s&rsquo;\u00e9tend \u00e0 travers un paysage vari\u00e9 et au milieu de remarquables espaces forestiers. Il suit l&rsquo;aqueduc de la Dhuys qui est un aqueduc souterrain traversant l&rsquo;Aisne et la r\u00e9gion Ile-de-France, construit entre 1863 et 1865. Il sert \u00e0 fournir en eau les communes du Val d&rsquo;Europe et notamment le complexe de Disneyland Paris. A sa construction, il permettait de desservir Pars en eau \u00e0 partir de la rivi\u00e8re de la Dhuis (dans la Marne). Il parcourt 128,61 km presque \u00e0 l&rsquo;horizontale. Il appartient \u00e0 Val d&rsquo;Europe Agglom\u00e9ration depuis 2015.<\/p>\n<p>10h00-11h00 : d\u00e9part de l&rsquo;\u00e9glise de Montceaux-les-Meaux  jeu : d\u00e9couverte des 5 sens: l&rsquo;\u00e9coute, le toucher et \u00e0 la pause m\u00e9ridienne, le go\u00fbt<br \/>\n<img decoding=\"async\" src=\"\/IMG\/jpg\/img1946.jpg\"><\/p>\n<p>14h30-16h30 : reprise de la marche  jeu : d\u00e9couverte des 5 sens<br \/>\nSur le trajet de retour, poursuivre la d\u00e9couverte avec cette fois : la voix, l&rsquo;odorat et la vue.<br \/>\n<img decoding=\"async\" src=\"\/IMG\/jpg\/img1947.jpg\"><\/p>\n<p> Pour d\u00e9couvrir l&rsquo;histoire passionnante du p\u00e8re Mary, cur\u00e9 de St Jean et de Changis et fondateur du s\u00e9minaire des vocations tardives de St Jean-les-les Deux-Jumeaux et dont la dalle fun\u00e9raire se trouve dans cette \u00e9glise:<br \/>\nhttp:\/\/paroissesaintjean.org\/10042010\/le-pere-mary-un-cure-de-campagne-apotre-des-vocations-tardives<\/p>\n<p> PRIERE POUR LES VOCATIONS EN SEINE-ET-MARNE<br \/>\n P\u00e8re tr\u00e8s bon, dans le Christ ton Fils,<br \/>\n Tu nous r\u00e9v\u00e8les ton amour,<br \/>\n Tu nous embrasses comme tes fils<br \/>\n Et tu nous offres la possibilit\u00e9<br \/>\n De d\u00e9couvrir dans ta volont\u00e9<br \/>\n Les traits de notre vrai visage.<br \/>\n P\u00e8re saint, tu nous appelles \u00e0 \u00eatre saints,<br \/>\n Comme toi-m\u00eame es saint.<br \/>\n Nous te prions de ne jamais cesser<br \/>\n De donner \u00e0 ton Eglise qui est \u00e0 Meaux<br \/>\n Des ministres et des ap\u00f4tres saints<br \/>\n Qui, par la parole et les sacrements,<br \/>\n Ouvrent le chemin de la rencontre avec toi.<br \/>\n P\u00e8re saint, donne-nous ces pr\u00eatres<br \/>\n Dont nous avons tant besoin. Amen !<br \/>\n (d&rsquo;apr\u00e8s une pri\u00e8re de saint Jean-Paul II)<\/p>\n<p> Num\u00e9ros d&rsquo;urgence : SAMU : 15 \/ Police : 17 \/ Pompiers : 18<\/p>\n<p>Qui contacter :<br \/>\nOrganisation :<br \/>\n-Jo\u00ebl : 06 52 28 28 02<br \/>\n-Florence : 07 82 80 53 59<br \/>\n-Alain : 07 89 06 19 76<\/p>\n<p>S\u00e9curit\u00e9 :<br \/>\n-Jean-Pierre : 06 31 20 48 86<br \/>\n-Th\u00e9ome : 07 83 25 57 77<\/p>\n<p>Secours :<br \/>\n-Marie-No\u00eblle : 06 08 35 54 90<\/p>\n<p> Consignes importantes:<br \/>\n-Pendant tout le long du trajet, les enfants sont \u00e0 la charge de leurs parents.<br \/>\n-Nous demandons \u00e0 chacun de vous une attention particuli\u00e8re lors de la travers\u00e9e des voies \u00e0 grande circulation, notamment dans les secteurs de Montceaux-les-Meaux (D19) et de Saint-Jean-les-Deux-Jumeaux (D603) et le maintien obligatoire de la file indienne sur les portions des d\u00e9partementale (rue Paul Tripier et rue de la C\u00f4te Fleurie).<br \/>\n-Merci de r\u00e9server le meilleur accueil aux instructions des jeunes scouts en gilets jaunes qui assurent la s\u00e9curit\u00e9.<\/p>\n<\/div>\n<div align=\"center\">\n<img decoding=\"async\" src=\"\/IMG\/jpg\/CCFD_5sens1n.jpg\"><br \/>\n<img decoding=\"async\" src=\"\/IMG\/jpg\/CCFD_5sens2n.jpg\">\n<\/div>\n","protected":false},"excerpt":{"rendered":"<p>Notre \u00e9v\u00eaque Monseigneur Jean-Yves Nahmias avait souhait\u00e9 pour les 4 vicariats de notre dioc\u00e8se \u00e0\u00a0 l&rsquo;occasion de l&rsquo;ann\u00e9e Famille et Jeunesse. Ne pouvant avoir lieu en 2021, cet \u00e9v\u00e9nement aura lieu le dimanche 15&#46;&#46;&#46;<\/p>\n","protected":false},"author":2,"featured_media":0,"comment_status":"open","ping_status":"open","sticky":false,"template":"","format":"standard","meta":{"footnotes":""},"categories":[],"tags":[],"class_list":["post-1393","post","type-post","status-publish","format-standard","hentry"],"_links":{"self":[{"href":"http:\/\/www.chapelle-crecy.com\/index.php?rest_route=\/wp\/v2\/posts\/1393","targetHints":{"allow":["GET"]}}],"collection":[{"href":"http:\/\/www.chapelle-crecy.com\/index.php?rest_route=\/wp\/v2\/posts"}],"about":[{"href":"http:\/\/www.chapelle-crecy.com\/index.php?rest_route=\/wp\/v2\/types\/post"}],"author":[{"embeddable":true,"href":"http:\/\/www.chapelle-crecy.com\/index.php?rest_route=\/wp\/v2\/users\/2"}],"replies":[{"embeddable":true,"href":"http:\/\/www.chapelle-crecy.com\/index.php?rest_route=%2Fwp%2Fv2%2Fcomments&post=1393"}],"version-history":[{"count":0,"href":"http:\/\/www.chapelle-crecy.com\/index.php?rest_route=\/wp\/v2\/posts\/1393\/revisions"}],"wp:attachment":[{"href":"http:\/\/www.chapelle-crecy.com\/index.php?rest_route=%2Fwp%2Fv2%2Fmedia&parent=1393"}],"wp:term":[{"taxonomy":"category","embeddable":true,"href":"http:\/\/www.chapelle-crecy.com\/index.php?rest_route=%2Fwp%2Fv2%2Fcategories&post=1393"},{"taxonomy":"post_tag","embeddable":true,"href":"http:\/\/www.chapelle-crecy.com\/index.php?rest_route=%2Fwp%2Fv2%2Ftags&post=1393"}],"curies":[{"name":"wp","href":"https:\/\/api.w.org\/{rel}","templated":true}]}}