{"id":1394,"date":"2022-03-29T20:05:30","date_gmt":"2022-03-29T20:05:30","guid":{"rendered":""},"modified":"-0001-11-30T00:00:00","modified_gmt":"-0001-11-29T22:00:00","slug":"","status":"publish","type":"post","link":"http:\/\/www.chapelle-crecy.com\/?p=1394","title":{"rendered":"INVITATION POUR LE DIMANCHE 03 AVRIL A CRECY"},"content":{"rendered":"<p>A l&rsquo;occasion de ce temps de Car\u00eame, prenons le temps de revenir \u00e0\u00a0 l&rsquo;essentiel :<br \/>\nQu&rsquo;en est-il de notre relation \u00e0\u00a0 Dieu, \u00e0\u00a0 l&rsquo;autre, \u00e0\u00a0 moi \u201cm\u00eame ?<br \/>\nLe p\u00e8re Michel Henrie vous propose entre 15h30 et 16h30<br \/>\n-de  nous interpeller sur l&rsquo;utilit\u00e9, l&rsquo;efficacit\u00e9 du sacrement de la r\u00e9conciliation. Venez nombreux ! Offrons ce temps au  Seigneur.<br \/>\n-Puis, prenons le temps de r\u00e9pondre pr\u00e9sent \u00e0\u00a0 sa gr ce en recevant le sacrement du pardon ou en  participant ensuite \u00e0\u00a0 l&rsquo;exposition de son Saint Sacrement jusqu&rsquo;\u00e0\u00a0 17h30.<\/p>\n","protected":false},"excerpt":{"rendered":"<p>A l&rsquo;occasion de ce temps de Car\u00eame, prenons le temps de revenir \u00e0\u00a0 l&rsquo;essentiel : Qu&rsquo;en est-il de notre relation \u00e0\u00a0 Dieu, \u00e0\u00a0 l&rsquo;autre, \u00e0\u00a0 moi \u201cm\u00eame ? Le p\u00e8re Michel Henrie vous propose&#46;&#46;&#46;<\/p>\n","protected":false},"author":2,"featured_media":0,"comment_status":"open","ping_status":"open","sticky":false,"template":"","format":"standard","meta":{"footnotes":""},"categories":[],"tags":[],"class_list":["post-1394","post","type-post","status-publish","format-standard","hentry"],"_links":{"self":[{"href":"http:\/\/www.chapelle-crecy.com\/index.php?rest_route=\/wp\/v2\/posts\/1394","targetHints":{"allow":["GET"]}}],"collection":[{"href":"http:\/\/www.chapelle-crecy.com\/index.php?rest_route=\/wp\/v2\/posts"}],"about":[{"href":"http:\/\/www.chapelle-crecy.com\/index.php?rest_route=\/wp\/v2\/types\/post"}],"author":[{"embeddable":true,"href":"http:\/\/www.chapelle-crecy.com\/index.php?rest_route=\/wp\/v2\/users\/2"}],"replies":[{"embeddable":true,"href":"http:\/\/www.chapelle-crecy.com\/index.php?rest_route=%2Fwp%2Fv2%2Fcomments&post=1394"}],"version-history":[{"count":0,"href":"http:\/\/www.chapelle-crecy.com\/index.php?rest_route=\/wp\/v2\/posts\/1394\/revisions"}],"wp:attachment":[{"href":"http:\/\/www.chapelle-crecy.com\/index.php?rest_route=%2Fwp%2Fv2%2Fmedia&parent=1394"}],"wp:term":[{"taxonomy":"category","embeddable":true,"href":"http:\/\/www.chapelle-crecy.com\/index.php?rest_route=%2Fwp%2Fv2%2Fcategories&post=1394"},{"taxonomy":"post_tag","embeddable":true,"href":"http:\/\/www.chapelle-crecy.com\/index.php?rest_route=%2Fwp%2Fv2%2Ftags&post=1394"}],"curies":[{"name":"wp","href":"https:\/\/api.w.org\/{rel}","templated":true}]}}