{"id":1396,"date":"2022-04-08T23:15:17","date_gmt":"2022-04-08T23:15:17","guid":{"rendered":""},"modified":"-0001-11-30T00:00:00","modified_gmt":"-0001-11-29T22:00:00","slug":"","status":"publish","type":"post","link":"http:\/\/www.chapelle-crecy.com\/?p=1396","title":{"rendered":"Annonces du 11 au 17 avril 2022"},"content":{"rendered":"<div align=\"justify\">Voici les annonces de la p\u00e9riode du lundi 11 au dimanche 17 avril 2022 pour la paroisse des 3 clochers Cr\u00e9cy-la-Chapelle, Villiers-sur-Morin, Voulangis. <\/p>\n<p>Samedi 16 avril \u00e0\u00a0 21 h, veill\u00e9e pascale \u00e0\u00a0 Cr\u00e9cy.<br \/>\nDimanche 17 avril \u00e0\u00a0 10 h, Messe \u00e0\u00a0 Voulangis.<br \/>\nTous les d\u00e9tails dans la suite &#8230;\n<\/div>\n<div align=\"center\">\n<table bgcolor =\"FFF6F0\" border=0>\n<tbody>\n<tr>\n<td><font color=\"00A0B0\"><\/p>\n<div align=\"center\"><img decoding=\"async\" src=\"\/IMG\/personnes\/christ1.jpg\" width=150><\/div>\n<p><\/font><\/td>\n<td width=400><font color=\"00A0B0\"><\/p>\n<div align=\"left\">\n<b>Mardi 12 avril<\/b><br \/>\n18 h &#8211; r\u00e9p\u00e9tition de la chorale \u00e0 Cr\u00e9cy.<\/p>\n<p><b>Jeudi 14 avril<\/b><br \/>\n<i>Jeudi Saint<\/i><br \/>\nMesse \u00e0 COUILLY \u00e0 20 h.\n<\/div>\n<p><\/font><\/td>\n<\/tr>\n<\/tbody>\n<\/table>\n<table bgcolor =\"F0F6F6\" border=0>\n<tbody>\n<tr>\n<td width=400><font color=\"00A0B0\"><\/p>\n<div align=\"left\">\n<b>Vendredi 15 avril<\/b><br \/>\n<i>Vendredi saint<\/i><br \/>\nChemin de Croix : \u00e0 Voulangis \u00e0  15 h, \u00e0 Cr\u00e9cy \u00e0 18 h avec les enfants.<br \/>\nMesse de la Passion : 20 h \u00e0 Cr\u00e9cy.<\/p>\n<p><b>Samedi 16 avril<\/b><br \/>\n21 h &#8211; VEILLE PASCALE \u00e0 Cr\u00e9cy avec 4 bapt\u00eames d&rsquo;adulte.<\/p>\n<p><b>Dimanche 17 avril<\/b><br \/>\n<i>MESSE DE LA RESURRECTION.<\/i><br \/>\n10 h &#8211; Messe \u00e0 Voulangis.\n<\/div>\n<p><\/font><\/td>\n<td><font color=\"00A0B0\"><\/p>\n<div align=\"center\"><img decoding=\"async\" src=\"\/IMG\/lieux\/sanjuan04.jpg\" width=150><\/div>\n<p><\/font><\/td>\n<\/tr>\n<\/tbody>\n<\/table>\n<\/div>\n","protected":false},"excerpt":{"rendered":"<p>Voici les annonces de la p\u00e9riode du lundi 11 au dimanche 17 avril 2022 pour la paroisse des 3 clochers Cr\u00e9cy-la-Chapelle, Villiers-sur-Morin, Voulangis. Samedi 16 avril \u00e0\u00a0 21 h, veill\u00e9e pascale \u00e0\u00a0 Cr\u00e9cy. Dimanche&#46;&#46;&#46;<\/p>\n","protected":false},"author":2,"featured_media":0,"comment_status":"open","ping_status":"open","sticky":false,"template":"","format":"standard","meta":{"footnotes":""},"categories":[],"tags":[],"class_list":["post-1396","post","type-post","status-publish","format-standard","hentry"],"_links":{"self":[{"href":"http:\/\/www.chapelle-crecy.com\/index.php?rest_route=\/wp\/v2\/posts\/1396","targetHints":{"allow":["GET"]}}],"collection":[{"href":"http:\/\/www.chapelle-crecy.com\/index.php?rest_route=\/wp\/v2\/posts"}],"about":[{"href":"http:\/\/www.chapelle-crecy.com\/index.php?rest_route=\/wp\/v2\/types\/post"}],"author":[{"embeddable":true,"href":"http:\/\/www.chapelle-crecy.com\/index.php?rest_route=\/wp\/v2\/users\/2"}],"replies":[{"embeddable":true,"href":"http:\/\/www.chapelle-crecy.com\/index.php?rest_route=%2Fwp%2Fv2%2Fcomments&post=1396"}],"version-history":[{"count":0,"href":"http:\/\/www.chapelle-crecy.com\/index.php?rest_route=\/wp\/v2\/posts\/1396\/revisions"}],"wp:attachment":[{"href":"http:\/\/www.chapelle-crecy.com\/index.php?rest_route=%2Fwp%2Fv2%2Fmedia&parent=1396"}],"wp:term":[{"taxonomy":"category","embeddable":true,"href":"http:\/\/www.chapelle-crecy.com\/index.php?rest_route=%2Fwp%2Fv2%2Fcategories&post=1396"},{"taxonomy":"post_tag","embeddable":true,"href":"http:\/\/www.chapelle-crecy.com\/index.php?rest_route=%2Fwp%2Fv2%2Ftags&post=1396"}],"curies":[{"name":"wp","href":"https:\/\/api.w.org\/{rel}","templated":true}]}}